{"id":22515,"date":"2016-03-19T10:00:39","date_gmt":"2016-03-19T08:00:39","guid":{"rendered":"http:\/\/infois.ro\/?p=22515"},"modified":"2016-03-19T10:00:39","modified_gmt":"2016-03-19T08:00:39","slug":"la-iasi-s-a-lansat-prima-gradina-pedagogica-dintr-o-scoala-publica-din-romania","status":"publish","type":"post","link":"https:\/\/infois.ro\/?p=22515","title":{"rendered":"La Ia\u0219i s-a lansat prima gr\u0103din\u0103 pedagogic\u0103 dintr-o \u0219coal\u0103 public\u0103 din Rom\u00e2nia"},"content":{"rendered":"<p style=\"text-align: justify;\"><a href=\"http:\/\/infois.ro\/wp-content\/uploads\/2016\/03\/gradina.jpg\"><img loading=\"lazy\" decoding=\"async\" class=\"alignleft  wp-image-22516\" src=\"http:\/\/infois.ro\/wp-content\/uploads\/2016\/03\/gradina.jpg\" alt=\"gradina\" width=\"340\" height=\"191\" srcset=\"https:\/\/infois.ro\/wp-content\/uploads\/2016\/03\/gradina.jpg 600w, https:\/\/infois.ro\/wp-content\/uploads\/2016\/03\/gradina-300x168.jpg 300w, https:\/\/infois.ro\/wp-content\/uploads\/2016\/03\/gradina-140x80.jpg 140w\" sizes=\"(max-width: 340px) 100vw, 340px\" \/><\/a><\/p>\n<p style=\"text-align: justify;\">Prin intermediul proiectului \u201eScoala din Gr\u0103din\u0103\u201d, Liceul Teoretic \u00abMiron Costin\u00bb din Ia\u0219i a realizat \u00een perioada 16-18 martie activit\u0103\u021bi de dezvoltare a gr\u0103dinii pedagogice din cadrul liceului. Aceste activit\u0103\u021bi au constat \u00een designul \u0219i implementarea unei gr\u0103dini \u0219colare, informarea profesorilor si a elevilor despre acest tip de gr\u0103dini \u0219i o zi a \u00abpor\u021bilor deschise\u00bb. Gr\u0103dinile pedagogice ofer\u0103 elevilor \u0219i profesorilor oportunitatea s\u0103 \u00ee\u0219i desf\u0103\u0219oare activitatea de predare-\u00eenv\u0103\u021bare \u00een mijlocul gr\u0103dinii, \u00eentr-un mod practic \u0219i direct \u0219i s\u0103 adapteze programa \u0219colar\u0103 la un mediu natural placut \u0219i interactiv. Gr\u0103dinile pedagogice reconecteaz\u0103 elevii din mediul urban la natur\u0103, la farmecul \u0219i lec\u021biile pe care aceasta le transmite.<br \/>\nGr\u0103dina \u201cMecul Verde\u201d din cadrul Liceului \u00abMiron Costin\u00bb a fost ini\u021biat\u0103 de c\u0103tre doamna profesoar\u0103 Anca Bucuci \u0219i inaugurat\u0103 \u00een 2015, cand s-au plantat primele straturi cu sprijinul Slow Food Ia\u0219i. \u00cen zilele de 16 \u0219i 17 martie 2016, elevii liceului \u201eMiron Costin\u201d, al\u0103turi de o echipa a Asocia\u021biei Rom\u00e2ne de Permacultur\u0103, au extins aceast\u0103 gr\u0103dina de la cele 12 straturi instalate p\u00e2n\u0103 \u00een prezent prin ad\u0103ugarea unei gr\u0103dini Pizza, plantarea de pomi \u0219i arbu\u0219ti fructiferi \u0219i dezvoltarea unei zone de gr\u0103dina dedicat\u0103 fluturilor.<br \/>\nLa activit\u0103\u021bile de plantare, amenajare \u0219i sem\u0103nare au participat 4 clase din ciclul primar \u0219i un grup de elevi de gimnaziu \u0219i liceu. Astfel, ace\u0219ti elevi au participat la primele lec\u021bii ale \u0218colii din Gr\u0103din\u0103 din Ia\u0219i: ei au \u00eenv\u0103\u021bat s\u0103 semene semin\u021be de legume \u0219i flori, s\u0103 planteze pomi \u0219i arbu\u0219ti fructiferi, dar au participat \u0219i la lec\u021bii practice de biologie, via\u021ba plantelor, matematic\u0103 \u0219i arte plastice.<br \/>\nVineri, 18 Martie 2016, \u00eencep\u00e2nd cu ora 11, a avut loc \u00een cadrul liceului o prezentare a platformei interactive \u201e\u0218coala din Gr\u0103din\u0103\u201d, a manualelor \u0219i a site-ului suport pentru aceast\u0103 platform\u0103. Platforma ofer\u0103 tuturor educatorilor \u0219i persoanelor dornice s\u0103 ini\u021bieze gr\u0103dini pedagogice instrumente concrete \u0219i foarte detaliate pentru realizarea de gr\u0103dini pedagogice si implementarea unor activit\u0103\u021bi educa\u021bionale din programa \u0219colar\u0103 \u00een mijlocul naturii. Aceste unelte au fost dezvoltate \u00een cadrul proiectului \u201eEduca\u0163ie pentru sustenabilitate: Gr\u0103dina ca o resurs\u0103 pedagogic\u0103 pentru o dezvoltare durabil\u0103\u201d, implementat de catre Asocia\u021biei Rom\u00e2ne de Permacultur\u0103, \u00een perioada 15 aprilie 2015-15 aprilie 2016.<br \/>\nTot \u00een data de 18 martie, \u00eentre orele 12 \u0219i 15 s-a desf\u0103\u0219urat \u00een cadrul Liceului Teoretic \u00abMiron Costin\u00bb Ziua Por\u021bilor Deschise, \u00een care elevii \u0219i profesorii s-au bucurat \u00eempreun\u0103 cu p\u0103rin\u021bii de gr\u0103dina lor. Evenimentul a fost sprijinit de ini\u021biativele locale Verde Bun, Slow Food Ia\u0219i, CUIB, C\u0103su\u021ba Naturii \u0219i GustArici, iar elevii de la Liceul \u201eMiron Costin\u201d au organizat un mic t\u00e2rg cu plante cultivate de ei. Pe viitor \u0219i-au propus s\u0103 g\u0103seasc\u0103 fonduri pentru a dezvolta gr\u0103dina prin construc\u021bia unei pergole \u0219i chiar a unei sere.<br \/>\nProiectul \u00ab\u0218coala din gr\u0103din\u0103\u00bb s-a desf\u0103\u0219urat \u00een cinci ora\u0219e din Rom\u00e2nia: Cluj, Bucure\u0219ti, Timi\u0219oara, Sibiu \u0219i Ia\u0219i, \u00een 9 \u0219coli private si una public\u0103, Liceul \u00abMiron Costin\u00bb din Ia\u0219i. \u00cen timp ce \u00een Rom\u00e2nia lucrurile sunt abia la \u00eenceput, \u00een alte \u021b\u0103ri, gr\u0103din\u0103ritul \u0219colar este deja tradi\u021bie, fiind finan\u021bat din fonduri publice. In Oslo, la ora actual\u0103, zeci de \u0219coli folosesc gr\u0103dina educa\u021bional\u0103 ca metod\u0103 de predare. De exemplu, la Geitmyra Skolehager, o gr\u0103din\u0103 cu o tradi\u021bie de mai bine de 100 de ani, elevi din mai multe \u0219coli \u00eempreun\u0103 cu profesorii vin s\u0103 gr\u0103din\u0103reasc\u0103, fiecare av\u00e2nd lotul ei. Nu este o gr\u0103din\u0103 dedicat\u0103 doar copiilor, ci este o gr\u0103din\u0103 comunitar\u0103, multe loturi fiind date spre folosin\u021b\u0103 locuitorilor din Oslo.<\/p>\n","protected":false},"excerpt":{"rendered":"<p>Prin intermediul proiectului \u201eScoala din Gr\u0103din\u0103\u201d, Liceul Teoretic \u00abMiron Costin\u00bb din Ia\u0219i a realizat \u00een&#8230; <a class=\"meta-more\" href=\"https:\/\/infois.ro\/?p=22515\">more <span class=\"meta-nav\">&raquo;<\/span><\/a><\/p>\n","protected":false},"author":2,"featured_media":22516,"comment_status":"open","ping_status":"closed","sticky":false,"template":"","format":"standard","meta":{"footnotes":""},"categories":[12,41],"tags":[74,8054,40,3112],"aioseo_notices":[],"_links":{"self":[{"href":"https:\/\/infois.ro\/index.php?rest_route=\/wp\/v2\/posts\/22515"}],"collection":[{"href":"https:\/\/infois.ro\/index.php?rest_route=\/wp\/v2\/posts"}],"about":[{"href":"https:\/\/infois.ro\/index.php?rest_route=\/wp\/v2\/types\/post"}],"author":[{"embeddable":true,"href":"https:\/\/infois.ro\/index.php?rest_route=\/wp\/v2\/users\/2"}],"replies":[{"embeddable":true,"href":"https:\/\/infois.ro\/index.php?rest_route=%2Fwp%2Fv2%2Fcomments&post=22515"}],"version-history":[{"count":1,"href":"https:\/\/infois.ro\/index.php?rest_route=\/wp\/v2\/posts\/22515\/revisions"}],"predecessor-version":[{"id":22517,"href":"https:\/\/infois.ro\/index.php?rest_route=\/wp\/v2\/posts\/22515\/revisions\/22517"}],"wp:featuredmedia":[{"embeddable":true,"href":"https:\/\/infois.ro\/index.php?rest_route=\/wp\/v2\/media\/22516"}],"wp:attachment":[{"href":"https:\/\/infois.ro\/index.php?rest_route=%2Fwp%2Fv2%2Fmedia&parent=22515"}],"wp:term":[{"taxonomy":"category","embeddable":true,"href":"https:\/\/infois.ro\/index.php?rest_route=%2Fwp%2Fv2%2Fcategories&post=22515"},{"taxonomy":"post_tag","embeddable":true,"href":"https:\/\/infois.ro\/index.php?rest_route=%2Fwp%2Fv2%2Ftags&post=22515"}],"curies":[{"name":"wp","href":"https:\/\/api.w.org\/{rel}","templated":true}]}}