{"id":22527,"date":"2016-03-21T20:29:12","date_gmt":"2016-03-21T18:29:12","guid":{"rendered":"http:\/\/infois.ro\/?p=22527"},"modified":"2016-03-21T20:29:12","modified_gmt":"2016-03-21T18:29:12","slug":"toate-localitatile-din-judet-vor-avea-servicii-proprii-de-salubritate","status":"publish","type":"post","link":"https:\/\/infois.ro\/?p=22527","title":{"rendered":"Toate localit\u0103\u021bile din jude\u021b vor avea servicii proprii de salubritate"},"content":{"rendered":"<p style=\"text-align: justify;\"><a href=\"http:\/\/infois.ro\/wp-content\/uploads\/2016\/01\/gunoi.jpg\"><img loading=\"lazy\" decoding=\"async\" class=\"alignleft  wp-image-21608\" src=\"http:\/\/infois.ro\/wp-content\/uploads\/2016\/01\/gunoi.jpg\" alt=\"gunoi\" width=\"301\" height=\"188\" srcset=\"https:\/\/infois.ro\/wp-content\/uploads\/2016\/01\/gunoi.jpg 640w, https:\/\/infois.ro\/wp-content\/uploads\/2016\/01\/gunoi-300x187.jpg 300w\" sizes=\"(max-width: 301px) 100vw, 301px\" \/><\/a><\/p>\n<p style=\"text-align: justify;\">Prefectul Marian Grigora\u0219 s-a \u00eent\u00e2lnit luni cu reprezentan\u021bii mai multor institu\u021bii deconcentrate din teritoriu, \u00een cadrul unei noi \u0219edin\u021be a Colegiului Prefectural Ia\u0219i. La \u00eent\u00e2lnire au fost prezen\u021bi reprezentan\u021bii Agen\u021biei pentru Protec\u021bia Mediului (APM) Ia\u0219i, cei ai G\u0103rzii Na\u021bionale de Mediu \u2013 Comisariatul Jude\u021bean Ia\u0219i, Administra\u021biei Bazinale de Ap\u0103 Prut B\u00e2rlad, Sistemului de Gospod\u0103rire a Apelor Ia\u0219i \u0219i ai Sistemului Hidrotehnic Independent Pa\u0219cani. \u201d\u00cen cadrul \u00eent\u00e2lnirii au fost prezentate mai multe situa\u021bii cu care se confrunt\u0103 institu\u021biile deconcentrate. Exist\u0103, de exemplu, obliga\u021bia ca fiecare autoritate local\u0103 s\u0103 aib\u0103 serviciu de salubritate, ceea ce nu se \u00eent\u00e2mpl\u0103 \u00een toate comunele din jude\u021b. Cred c\u0103 trebuie organizat\u0103 o \u00eent\u00e2lnire la care s\u0103 participe reprezentan\u021bi ai Consiliului Jude\u021bean, ai Asocia\u0163iei de Dezvoltare Intercomunitar\u0103 pentru Salubritate Ia\u015fi, autorit\u0103\u021bi locale, dar \u0219i institu\u021biile deconcentrate cu atribu\u021bii \u00een domeniu. Un alt subiect abordat a fost legat de proiectul de amenajare a albiei r\u00e2ului Siret, \u00een zona A. I. Cuza. Proiectul de Hot\u0103r\u00e2re de Guvern mai are nevoie de ob\u021binerea unor avize de la Ministerul Justi\u021biei \u0219i de la Ministerul Finan\u021belor Publice\u201d, a declarat prefectul Marian Grigora\u0219. Reprezentan\u021bii G\u0103rzii de Mediu scos din nou \u00een eviden\u021b\u0103 problemele legate de dep\u0103\u0219irea valorilor de pulberi \u00een suspensie \u2013 PM10 \u0219i au men\u021bionat c\u0103 eliminarea traficului greu din municipiu ar putea conduce la sc\u0103deri importante ale acestor valori. \u00cen urma \u00eent\u00e2lnirii s-a luat decizia de a se organiza noi sesiuni de \u00eendrumare metodologic\u0103 \u0219i informare cu reprezentan\u021bii autorit\u0103\u021bilor locale. Temele propuse privesc legisla\u021bia de mediu \u0219i obliga\u021biile care revin autorit\u0103\u021bilor locale. \u201dLa aceste \u00eent\u00e2lniri vor fi invita\u021bi s\u0103 participe responsabili de mediu din cadrul prim\u0103riilor, secretarii de comun\u0103 sau viceprimarii\u201d, se precizeaz\u0103 \u00eentr-un comunicat al Biroului de pres\u0103 al Institu\u021biei Prefectului Jude\u021bului Ia\u0219i.<\/p>\n","protected":false},"excerpt":{"rendered":"<p>Prefectul Marian Grigora\u0219 s-a \u00eent\u00e2lnit luni cu reprezentan\u021bii mai multor institu\u021bii deconcentrate din teritoriu, \u00een&#8230; <a class=\"meta-more\" href=\"https:\/\/infois.ro\/?p=22527\">more <span class=\"meta-nav\">&raquo;<\/span><\/a><\/p>\n","protected":false},"author":2,"featured_media":21608,"comment_status":"open","ping_status":"closed","sticky":false,"template":"","format":"standard","meta":{"footnotes":""},"categories":[1,41],"tags":[74,40,4446,5657],"aioseo_notices":[],"_links":{"self":[{"href":"https:\/\/infois.ro\/index.php?rest_route=\/wp\/v2\/posts\/22527"}],"collection":[{"href":"https:\/\/infois.ro\/index.php?rest_route=\/wp\/v2\/posts"}],"about":[{"href":"https:\/\/infois.ro\/index.php?rest_route=\/wp\/v2\/types\/post"}],"author":[{"embeddable":true,"href":"https:\/\/infois.ro\/index.php?rest_route=\/wp\/v2\/users\/2"}],"replies":[{"embeddable":true,"href":"https:\/\/infois.ro\/index.php?rest_route=%2Fwp%2Fv2%2Fcomments&post=22527"}],"version-history":[{"count":1,"href":"https:\/\/infois.ro\/index.php?rest_route=\/wp\/v2\/posts\/22527\/revisions"}],"predecessor-version":[{"id":22528,"href":"https:\/\/infois.ro\/index.php?rest_route=\/wp\/v2\/posts\/22527\/revisions\/22528"}],"wp:featuredmedia":[{"embeddable":true,"href":"https:\/\/infois.ro\/index.php?rest_route=\/wp\/v2\/media\/21608"}],"wp:attachment":[{"href":"https:\/\/infois.ro\/index.php?rest_route=%2Fwp%2Fv2%2Fmedia&parent=22527"}],"wp:term":[{"taxonomy":"category","embeddable":true,"href":"https:\/\/infois.ro\/index.php?rest_route=%2Fwp%2Fv2%2Fcategories&post=22527"},{"taxonomy":"post_tag","embeddable":true,"href":"https:\/\/infois.ro\/index.php?rest_route=%2Fwp%2Fv2%2Ftags&post=22527"}],"curies":[{"name":"wp","href":"https:\/\/api.w.org\/{rel}","templated":true}]}}