{"id":2253,"date":"2012-10-12T15:39:44","date_gmt":"2012-10-12T12:39:44","guid":{"rendered":"http:\/\/infois.ro\/?p=2253"},"modified":"2012-10-12T15:39:44","modified_gmt":"2012-10-12T12:39:44","slug":"mesajul-primarului-gheorghe-nichita-cu-prilejul-sarbatorilor-iasilor","status":"publish","type":"post","link":"https:\/\/infois.ro\/?p=2253","title":{"rendered":"Mesajul primarului Gheorghe Nichita cu prilejul \u201dS\u0103rb\u0103torilor Ia\u015filor\u201d"},"content":{"rendered":"<p><em><a class=\"highslide\" onclick=\"return vz.expand(this)\" href=\"http:\/\/infois.ro\/wp-content\/uploads\/2012\/10\/Gheorghe-Nichita.jpg\"><img loading=\"lazy\" decoding=\"async\" class=\"alignleft size-large wp-image-2254\" title=\"Gheorghe Nichita\" src=\"http:\/\/infois.ro\/wp-content\/uploads\/cache\/2012\/10\/Gheorghe-Nichita\/951530190.jpg\" alt=\"\" width=\"981\" height=\"1024\" \/><\/a><\/em><strong>Dragi ie\u015feni \u015fi oaspe\u0163i ai Ia\u015fului,<\/strong><\/p>\n<p style=\"text-align: justify;\">Hramul Sfintei Cuvioase Parascheva ne reune\u015fte, an de an, sub calda lumin\u0103 a credin\u0163ei. Zilele acestea, \u00een care ne reunim sub semnul pio\u015feniei \u015fi g\u00e2ndului bun, ne prilejuiesc clipe de reflec\u0163ie la condi\u0163ia noastr\u0103 uman\u0103, la ceea ce \u00eensemn\u0103m pentru familie, societate, noi \u00een\u015fine. Oric\u00e2te greut\u0103\u0163i am \u00eent\u00e2mpina \u00een via\u0163\u0103, nimic nu trebuie s\u0103 ne \u00eendep\u0103rteze de valorile cre\u015ftine, de drumul nostru c\u0103tre des\u0103v\u00e2r\u015firea propriului suflet. Ia\u015ful \u00eei prime\u015fte cu bra\u0163ele deschise pe to\u0163i oamenii pe care pa\u015fii credin\u0163ei \u00eei \u00eendreapt\u0103 spre l\u0103ca\u015ful sf\u00e2nt al moa\u015ftelor Cuvioasei Parascheva. Gazd\u0103 ospitalier\u0103, administra\u0163ia public\u0103 local\u0103 \u00eencearc\u0103 s\u0103 le ofere pelerinilor condi\u0163ii prielnice pentru o \u015federe lipsit\u0103 de greut\u0103\u0163i. Ca \u00een fiecare an, cadrul spiritual al acestor zile este completat de manifest\u0103rile prilejuite de S\u0103rb\u0103torile Ia\u015fului. Evenimentele programate \u00een aceast\u0103 perioad\u0103, culturale, \u015ftiin\u0163ifice \u015fi academice, dar \u015fi cele de binemeritat\u0103 relaxare popular\u0103, fac din Ia\u015fi un spa\u0163iu al bucuriei de a tr\u0103i \u015fi sim\u0163i frumos. \u00cei invit pe ie\u015feni \u015fi pe oaspe\u0163ii lor s\u0103 se apropie cu \u00eencredere de poarta c\u0103tre reculegere \u015fi reg\u0103sire spiritual\u0103 pe care Ia\u015ful le-o deschide ast\u0103zi \u015fi dintotdeauna. Ia\u015ful a d\u0103ruit enorm Rom\u00e2niei \u015fi nu a cerut niciodat\u0103 r\u0103splat\u0103. \u00cens\u0103 fericirea pe care o prime\u015fte prin minunea de a g\u0103zdui sfin\u0163enia Cuvioasei Parascheva este cea mai de pre\u0163 recunoa\u015ftere a \u00eensemn\u0103t\u0103\u0163ii acestui ora\u015f. Fie ca bunul Dumnezeu s\u0103 ocroteasc\u0103 Ia\u015ful \u015fi oaspe\u0163ii s\u0103i \u00een aceste zile de s\u0103rb\u0103toare!<\/p>\n<p style=\"text-align: justify;\">\n","protected":false},"excerpt":{"rendered":"<p>Dragi ie\u015feni \u015fi oaspe\u0163i ai Ia\u015fului, Hramul Sfintei Cuvioase Parascheva ne reune\u015fte, an de an,&#8230; <a class=\"meta-more\" href=\"https:\/\/infois.ro\/?p=2253\">more <span class=\"meta-nav\">&raquo;<\/span><\/a><\/p>\n","protected":false},"author":2,"featured_media":2254,"comment_status":"open","ping_status":"open","sticky":false,"template":"","format":"standard","meta":{"footnotes":""},"categories":[1,41],"tags":[74,692,840],"aioseo_notices":[],"_links":{"self":[{"href":"https:\/\/infois.ro\/index.php?rest_route=\/wp\/v2\/posts\/2253"}],"collection":[{"href":"https:\/\/infois.ro\/index.php?rest_route=\/wp\/v2\/posts"}],"about":[{"href":"https:\/\/infois.ro\/index.php?rest_route=\/wp\/v2\/types\/post"}],"author":[{"embeddable":true,"href":"https:\/\/infois.ro\/index.php?rest_route=\/wp\/v2\/users\/2"}],"replies":[{"embeddable":true,"href":"https:\/\/infois.ro\/index.php?rest_route=%2Fwp%2Fv2%2Fcomments&post=2253"}],"version-history":[{"count":1,"href":"https:\/\/infois.ro\/index.php?rest_route=\/wp\/v2\/posts\/2253\/revisions"}],"predecessor-version":[{"id":2255,"href":"https:\/\/infois.ro\/index.php?rest_route=\/wp\/v2\/posts\/2253\/revisions\/2255"}],"wp:featuredmedia":[{"embeddable":true,"href":"https:\/\/infois.ro\/index.php?rest_route=\/wp\/v2\/media\/2254"}],"wp:attachment":[{"href":"https:\/\/infois.ro\/index.php?rest_route=%2Fwp%2Fv2%2Fmedia&parent=2253"}],"wp:term":[{"taxonomy":"category","embeddable":true,"href":"https:\/\/infois.ro\/index.php?rest_route=%2Fwp%2Fv2%2Fcategories&post=2253"},{"taxonomy":"post_tag","embeddable":true,"href":"https:\/\/infois.ro\/index.php?rest_route=%2Fwp%2Fv2%2Ftags&post=2253"}],"curies":[{"name":"wp","href":"https:\/\/api.w.org\/{rel}","templated":true}]}}