{"id":22548,"date":"2016-03-23T10:57:10","date_gmt":"2016-03-23T08:57:10","guid":{"rendered":"http:\/\/infois.ro\/?p=22548"},"modified":"2016-03-23T10:57:10","modified_gmt":"2016-03-23T08:57:10","slug":"scoala-gimnaziala-deleni-pe-harta-europei","status":"publish","type":"post","link":"https:\/\/infois.ro\/?p=22548","title":{"rendered":"\u0218coala Gimnazial\u0103 Deleni, pe harta Europei"},"content":{"rendered":"<div class=\"yiv9427918726class\"><a href=\"http:\/\/infois.ro\/wp-content\/uploads\/2015\/09\/erasmus.jpg\"><img loading=\"lazy\" decoding=\"async\" class=\"wp-image-19545 alignleft\" src=\"http:\/\/infois.ro\/wp-content\/uploads\/2015\/09\/erasmus.jpg\" alt=\"erasmus\" width=\"267\" height=\"184\" srcset=\"https:\/\/infois.ro\/wp-content\/uploads\/2015\/09\/erasmus.jpg 600w, https:\/\/infois.ro\/wp-content\/uploads\/2015\/09\/erasmus-300x206.jpg 300w\" sizes=\"(max-width: 267px) 100vw, 267px\" \/><\/a><\/div>\n<div id=\"yiv9427918726yui_3_16_0_ym18_1_1458716782243_53816\" class=\"yiv9427918726class\" style=\"text-align: justify;\"><span id=\"yiv9427918726yui_3_16_0_ym18_1_1458716782243_53818\" class=\"yiv9427918726class\">\u00cen s\u0103pt\u0103mana 14-20 martie 2016, in cadrul <b id=\"yiv9427918726yui_3_16_0_ym18_1_1458716782243_53820\" class=\"yiv9427918726class\">Proiectului Erasmus <\/b>+ <b id=\"yiv9427918726yui_3_16_0_ym18_1_1458716782243_53822\" class=\"yiv9427918726class\">\u2019\u2019My Nationality is Human\u201d<\/b>, un grup format din 2 profesori si 3 elevi de la \u0218coala Gimnazial\u0103 Deleni s-a deplasat in localitatea <b id=\"yiv9427918726yui_3_16_0_ym18_1_1458716782243_53824\" class=\"yiv9427918726class\">Torre del Greco<\/b> din <b id=\"yiv9427918726yui_3_16_0_ym18_1_1458716782243_53826\" class=\"yiv9427918726class\">Italia<\/b> pentru a participa la activitatile programate \u00een cadrul proiectului.<\/span><\/div>\n<div id=\"yiv9427918726yui_3_16_0_ym18_1_1458716782243_53830\" class=\"yiv9427918726class\" style=\"text-align: justify;\"><span id=\"yiv9427918726yui_3_16_0_ym18_1_1458716782243_53832\" class=\"yiv9427918726class\" lang=\"FR\">Reprezentan\u021bi din 5 t\u0103ri participante &#8211; Italia, Bulgaria, Grecia, Letonia si Romania &#8211; au luat parte la activit\u0103\u021bi educative si ateliere de lucru av\u00e2nd ca tem\u0103 elemente de protec\u021bia mediului si ecologie.<\/span><\/div>\n<div id=\"yiv9427918726yui_3_16_0_ym18_1_1458716782243_53836\" class=\"yiv9427918726class\" style=\"text-align: justify;\"><span id=\"yiv9427918726yui_3_16_0_ym18_1_1458716782243_53838\" class=\"yiv9427918726class\" lang=\"FR\">Programul preg\u0103tit de partenerii din Italia a fost foarte atractiv \u0219i diversificat, cuprinzand si vizite la Primaria ora\u0219ului Torre del Greco, Muzeul de Corali si \u0218coala de prelucrare a coralilor, obiective turistice din Napoli, ruinele ora\u0219ului Pompei precum si la Muntele Vezuviu. Elevii ieseni au trait experiente educative variate si atractive, intr-un mediu multicultural, simtind ca sunt cu adevarat parte din Europa.\u00a0<\/span><\/div>\n<div id=\"yiv9427918726yui_3_16_0_ym18_1_1458716782243_53842\" class=\"yiv9427918726class\" style=\"text-align: justify;\"><span id=\"yiv9427918726yui_3_16_0_ym18_1_1458716782243_53846\" class=\"yiv9427918726class\" lang=\"EN-US\">Urm\u0103toarea deplasare &#8211; pe care elevii si profesorii o asteapta cu nerabdare &#8211; are loc in perioada 11-16 aprilie 2016 in ora\u0219ul <b id=\"yiv9427918726yui_3_16_0_ym18_1_1458716782243_53848\" class=\"yiv9427918726class\">Trikala<\/b> din <b id=\"yiv9427918726yui_3_16_0_ym18_1_1458716782243_53850\" class=\"yiv9427918726class\">Grecia<\/b>.<\/span><\/div>\n","protected":false},"excerpt":{"rendered":"<p>\u00cen s\u0103pt\u0103mana 14-20 martie 2016, in cadrul Proiectului Erasmus + \u2019\u2019My Nationality is Human\u201d, un&#8230; <a class=\"meta-more\" href=\"https:\/\/infois.ro\/?p=22548\">more <span class=\"meta-nav\">&raquo;<\/span><\/a><\/p>\n","protected":false},"author":2,"featured_media":19545,"comment_status":"open","ping_status":"closed","sticky":false,"template":"","format":"standard","meta":{"footnotes":""},"categories":[12,41],"tags":[74,4900,395,40,3112],"aioseo_notices":[],"_links":{"self":[{"href":"https:\/\/infois.ro\/index.php?rest_route=\/wp\/v2\/posts\/22548"}],"collection":[{"href":"https:\/\/infois.ro\/index.php?rest_route=\/wp\/v2\/posts"}],"about":[{"href":"https:\/\/infois.ro\/index.php?rest_route=\/wp\/v2\/types\/post"}],"author":[{"embeddable":true,"href":"https:\/\/infois.ro\/index.php?rest_route=\/wp\/v2\/users\/2"}],"replies":[{"embeddable":true,"href":"https:\/\/infois.ro\/index.php?rest_route=%2Fwp%2Fv2%2Fcomments&post=22548"}],"version-history":[{"count":1,"href":"https:\/\/infois.ro\/index.php?rest_route=\/wp\/v2\/posts\/22548\/revisions"}],"predecessor-version":[{"id":22549,"href":"https:\/\/infois.ro\/index.php?rest_route=\/wp\/v2\/posts\/22548\/revisions\/22549"}],"wp:featuredmedia":[{"embeddable":true,"href":"https:\/\/infois.ro\/index.php?rest_route=\/wp\/v2\/media\/19545"}],"wp:attachment":[{"href":"https:\/\/infois.ro\/index.php?rest_route=%2Fwp%2Fv2%2Fmedia&parent=22548"}],"wp:term":[{"taxonomy":"category","embeddable":true,"href":"https:\/\/infois.ro\/index.php?rest_route=%2Fwp%2Fv2%2Fcategories&post=22548"},{"taxonomy":"post_tag","embeddable":true,"href":"https:\/\/infois.ro\/index.php?rest_route=%2Fwp%2Fv2%2Ftags&post=22548"}],"curies":[{"name":"wp","href":"https:\/\/api.w.org\/{rel}","templated":true}]}}