{"id":22599,"date":"2016-03-25T06:30:35","date_gmt":"2016-03-25T04:30:35","guid":{"rendered":"http:\/\/infois.ro\/?p=22599"},"modified":"2016-03-25T06:30:35","modified_gmt":"2016-03-25T04:30:35","slug":"primaria-municipiului-iasi-reprezentata-la-conferinta-cities-of-tomorrow","status":"publish","type":"post","link":"https:\/\/infois.ro\/?p=22599","title":{"rendered":"Prim\u0103ria municipiului Ia\u0219i, reprezentat\u0103 la Conferin\u021ba \u201dCities of Tomorrow\u201d"},"content":{"rendered":"<p style=\"text-align: justify;\"><a href=\"http:\/\/infois.ro\/wp-content\/uploads\/2016\/03\/cities-of-tomorrow.jpg\"><img loading=\"lazy\" decoding=\"async\" class=\"alignleft  wp-image-22600\" src=\"http:\/\/infois.ro\/wp-content\/uploads\/2016\/03\/cities-of-tomorrow.jpg\" alt=\"cities-of-tomorrow\" width=\"341\" height=\"172\" srcset=\"https:\/\/infois.ro\/wp-content\/uploads\/2016\/03\/cities-of-tomorrow.jpg 600w, https:\/\/infois.ro\/wp-content\/uploads\/2016\/03\/cities-of-tomorrow-300x151.jpg 300w\" sizes=\"(max-width: 341px) 100vw, 341px\" \/><\/a><\/p>\n<p style=\"text-align: justify;\">Consecvent\u0103 dorin\u0163ei sale de optimizare a rela\u0163iei cu mediul de afaceri \u015fi de promovare pe plan na\u0163ional \u015fi extern a oportunit\u0103\u0163ilor locale de investi\u0163ii, Prim\u0103ria Municipiului Ia\u015fi a fost reprezentat\u0103 la cea de-a patra edi\u0163ie a Conferin\u0163ei \u201cCities of Tomorrow\u201d, eveniment organizat pe 22 martie de c\u0103tre Camera de Comer\u0163 \u015fi Industrie Rom\u00e2no \u2013 German\u0103 (AHK Rom\u00e2nia), la Hotel \u201dCrowne Plaza\u201d din Bucure\u015fti. Tema central\u0103 a conferin\u021bei \u201cCities of Tomorrow 2016\u201d a fost dezvoltarea urban\u0103 \u015fi regional\u0103 \u00een vederea stimul\u0103rii unei cre\u015fteri durabile, inteligente \u015fi echitabile. Participan\u0163ii la conferin\u0163\u0103 au eviden\u0163iat faptul c\u0103 actorii dezvolt\u0103rii \u00een viitor vor fi regiunile \u015fi ora\u015fele, motiv pentru care se impune dezvoltarea infrastructurii de conectare \u00eentre regiuni. De asemenea, este necesar\u0103 reg\u00e2ndirea legisla\u0163iei \u00een ceea ce prive\u015fte asocierile de tip metropolitan, astfel \u00eenc\u00e2t acestea s\u0103 poat\u0103 ac\u0163iona pe proiecte care s\u0103 dep\u0103\u015feasc\u0103 limitele de interes ale unei unit\u0103\u0163i administrative. \u201dResponsabilii marilor companii reprezentate la conferin\u0163\u0103 au sus\u0163inut c\u0103 rolul autorit\u0103\u0163ilor locale este de a realiza proiecte care s\u0103 conduc\u0103 la cre\u015fterea calit\u0103\u0163ii vie\u0163ii, acesta fiind un reper important \u00een procesul de decizie al investitorilor. Ace\u015ftia au sus\u0163inut c\u0103 autorit\u0103\u0163ile publice trebuie s\u0103 realizeze planuri de zon\u0103ri func\u0163ionale pentru a atrage investi\u0163ii de ordin economic sau reziden\u0163ial\u201d, se precizeaz\u0103 \u00eentr-un comunicat de pres\u0103 al Prim\u0103riei Municipiului Ia\u0219i. La r\u00e2ndul lor, speciali\u015ftii \u00een urbanism rom\u00e2ni \u015fi str\u0103ini prezen\u0163i la conferin\u0163\u0103 au ar\u0103tat c\u0103 se impun proiecte de planificare urban\u0103 a ora\u015felor, dar ultimele planuri de acest gen au fost implementate \u00een Rom\u00e2nia \u00een perioada comunist\u0103. \u00cen acest moment, se resimte lipsa unei decizii politice ferme pentru proiectare \u015fi planificare urban\u0103. Pentru realizarea unui proiect de ora\u015f este nevoie de un consens administrativ, generat de liderii politici. Concluzia lucr\u0103rilor conferin\u0163ei a fost c\u0103 ora\u015fele viitorului sunt cele care vor fi administrate cu inteligen\u0163\u0103. Aceast\u0103 inteligen\u0163\u0103 presupune planificare realist\u0103, sustenabilitate \u015fi inova\u0163ie. \u201dPrin reprezentarea la acest eveniment, Prim\u0103ria Municipiului Ia\u015fi a dovedit este interesat\u0103 s\u0103 identifice viziunea speciali\u015ftilor \u015fi factorilor de decizie de la nivel guvernamental privind perspectivele de dezvoltare a ora\u015felor. Nu \u00een ultimul r\u00e2nd, s-a avut \u00een vedere realizarea contactelor necesare \u00een vederea colabor\u0103rii pentru implementarea proiectelor Prim\u0103riei Municipiului Ia\u015fi \u00een ceea ce prive\u015fte promovarea economic\u201d, se afirm\u0103 \u00een \u00eencheierea documentului dat publicit\u0103\u021bii de municipalitate.<\/p>\n","protected":false},"excerpt":{"rendered":"<p>Consecvent\u0103 dorin\u0163ei sale de optimizare a rela\u0163iei cu mediul de afaceri \u015fi de promovare pe&#8230; <a class=\"meta-more\" href=\"https:\/\/infois.ro\/?p=22599\">more <span class=\"meta-nav\">&raquo;<\/span><\/a><\/p>\n","protected":false},"author":2,"featured_media":22600,"comment_status":"open","ping_status":"closed","sticky":false,"template":"","format":"standard","meta":{"footnotes":""},"categories":[1,41],"tags":[74,227,40,1232,139],"aioseo_notices":[],"_links":{"self":[{"href":"https:\/\/infois.ro\/index.php?rest_route=\/wp\/v2\/posts\/22599"}],"collection":[{"href":"https:\/\/infois.ro\/index.php?rest_route=\/wp\/v2\/posts"}],"about":[{"href":"https:\/\/infois.ro\/index.php?rest_route=\/wp\/v2\/types\/post"}],"author":[{"embeddable":true,"href":"https:\/\/infois.ro\/index.php?rest_route=\/wp\/v2\/users\/2"}],"replies":[{"embeddable":true,"href":"https:\/\/infois.ro\/index.php?rest_route=%2Fwp%2Fv2%2Fcomments&post=22599"}],"version-history":[{"count":1,"href":"https:\/\/infois.ro\/index.php?rest_route=\/wp\/v2\/posts\/22599\/revisions"}],"predecessor-version":[{"id":22601,"href":"https:\/\/infois.ro\/index.php?rest_route=\/wp\/v2\/posts\/22599\/revisions\/22601"}],"wp:featuredmedia":[{"embeddable":true,"href":"https:\/\/infois.ro\/index.php?rest_route=\/wp\/v2\/media\/22600"}],"wp:attachment":[{"href":"https:\/\/infois.ro\/index.php?rest_route=%2Fwp%2Fv2%2Fmedia&parent=22599"}],"wp:term":[{"taxonomy":"category","embeddable":true,"href":"https:\/\/infois.ro\/index.php?rest_route=%2Fwp%2Fv2%2Fcategories&post=22599"},{"taxonomy":"post_tag","embeddable":true,"href":"https:\/\/infois.ro\/index.php?rest_route=%2Fwp%2Fv2%2Ftags&post=22599"}],"curies":[{"name":"wp","href":"https:\/\/api.w.org\/{rel}","templated":true}]}}