{"id":2269,"date":"2012-10-13T19:09:30","date_gmt":"2012-10-13T16:09:30","guid":{"rendered":"http:\/\/infois.ro\/?p=2269"},"modified":"2012-10-13T19:09:30","modified_gmt":"2012-10-13T16:09:30","slug":"conflictul-dintre-consiliul-judetean-si-asociatia-%e2%80%9ezona-metropolitana-iasi-a-fost-stins","status":"publish","type":"post","link":"https:\/\/infois.ro\/?p=2269","title":{"rendered":"Conflictul dintre Consiliul Jude\u0163ean \u0219i Asocia\u0163ia \u201eZona Metropolitan\u0103 Ia\u015fi\u201d a fost stins"},"content":{"rendered":"<p style=\"text-align: justify;\"><a class=\"highslide\" onclick=\"return vz.expand(this)\" href=\"http:\/\/infois.ro\/wp-content\/uploads\/2012\/10\/cj-iasi.jpg\"><img loading=\"lazy\" decoding=\"async\" class=\"alignleft size-large wp-image-2270\" title=\"cj iasi\" src=\"http:\/\/infois.ro\/wp-content\/uploads\/cache\/2012\/10\/cj-iasi\/3094879909.jpg\" alt=\"\" width=\"800\" height=\"530\" \/><\/a><\/p>\n<p style=\"text-align: justify;\">Consiliul Jude\u021bean (CJ) Ia\u0219i \u00ee\u0219i va pl\u0103ti datoria \u00een valoare de 175.000 de lei, pe care a acumulat-o \u00een perioada 2008-2011 prin neplata cotiza\u021biei c\u0103tre Asocia\u021bia \u00a0\u201eZona Metropolitan\u0103 Ia\u015fi\u201d, motiv pentru care institu\u021bia a fost dat\u0103 \u00een judecat\u0103 de c\u0103tre membrii organiza\u021biei. Dup\u0103 cum a declarat viceprimarul Marius Dang\u0103, \u00een urma unei discu\u021bii care a avut loc, recent, \u00eentre primarul Gheorghe Nichita \u0219i pre\u0219edintele CJ, Cristian Adomni\u021bei, s-a decis ca litigiul legat de aceast\u0103 datorie s\u0103 fie stins pe cale amiabil\u0103, odat\u0103 cu plata de c\u0103tre Consiliul Jude\u021bean a sumei restante c\u0103tre Asocia\u021bia \u201dZona Metropolitan\u0103 Ia\u0219i\u201d. La \u00eenceputul acestui an, primarul Gheorghe Nichita anun\u021ba c\u0103 membrii Asocia\u021biei \u201dZona Metropolitan\u0103 Ia\u0219i\u201d au decis s\u0103 dea \u00een judecat\u0103 CJ Ia\u0219i, institu\u021bie condus\u0103 la vremea respectiv\u0103 de Constantin Simirad, pentru a recupera datoria cauzat\u0103 de neplata la timp a cotiza\u021biei. Din Asocia\u0163ia \u201eZona Metropolitan\u0103 Ia\u015fi\u201d fac parte 19 institu\u0163ii ale administra\u0163iei publice locale, dintre care 13 comune cu statut de membru permanent, respectiv Aroneanu, B\u00e2rnova, Ciurea, Holboca, Le\u0163cani, Miroslava, Popricani, Rediu, Schitu Duca, Tome\u015fti, Valea Lupului, Victoria, Ungheni, la care se adaug\u0103 patru comune cu statut de observator (\u0162u\u0163ora, Pris\u0103cani, Movileni, Comarna), plus Prim\u0103ria municipiului Ia\u015fi \u015fi Consiliul Jude\u0163ean Ia\u015fi.<\/p>\n","protected":false},"excerpt":{"rendered":"<p>Consiliul Jude\u021bean (CJ) Ia\u0219i \u00ee\u0219i va pl\u0103ti datoria \u00een valoare de 175.000 de lei, pe&#8230; <a class=\"meta-more\" href=\"https:\/\/infois.ro\/?p=2269\">more <span class=\"meta-nav\">&raquo;<\/span><\/a><\/p>\n","protected":false},"author":2,"featured_media":2270,"comment_status":"open","ping_status":"open","sticky":false,"template":"","format":"standard","meta":{"footnotes":""},"categories":[1],"tags":[374,981],"aioseo_notices":[],"_links":{"self":[{"href":"https:\/\/infois.ro\/index.php?rest_route=\/wp\/v2\/posts\/2269"}],"collection":[{"href":"https:\/\/infois.ro\/index.php?rest_route=\/wp\/v2\/posts"}],"about":[{"href":"https:\/\/infois.ro\/index.php?rest_route=\/wp\/v2\/types\/post"}],"author":[{"embeddable":true,"href":"https:\/\/infois.ro\/index.php?rest_route=\/wp\/v2\/users\/2"}],"replies":[{"embeddable":true,"href":"https:\/\/infois.ro\/index.php?rest_route=%2Fwp%2Fv2%2Fcomments&post=2269"}],"version-history":[{"count":1,"href":"https:\/\/infois.ro\/index.php?rest_route=\/wp\/v2\/posts\/2269\/revisions"}],"predecessor-version":[{"id":2271,"href":"https:\/\/infois.ro\/index.php?rest_route=\/wp\/v2\/posts\/2269\/revisions\/2271"}],"wp:featuredmedia":[{"embeddable":true,"href":"https:\/\/infois.ro\/index.php?rest_route=\/wp\/v2\/media\/2270"}],"wp:attachment":[{"href":"https:\/\/infois.ro\/index.php?rest_route=%2Fwp%2Fv2%2Fmedia&parent=2269"}],"wp:term":[{"taxonomy":"category","embeddable":true,"href":"https:\/\/infois.ro\/index.php?rest_route=%2Fwp%2Fv2%2Fcategories&post=2269"},{"taxonomy":"post_tag","embeddable":true,"href":"https:\/\/infois.ro\/index.php?rest_route=%2Fwp%2Fv2%2Ftags&post=2269"}],"curies":[{"name":"wp","href":"https:\/\/api.w.org\/{rel}","templated":true}]}}