{"id":22718,"date":"2016-04-01T09:30:47","date_gmt":"2016-04-01T06:30:47","guid":{"rendered":"http:\/\/infois.ro\/?p=22718"},"modified":"2016-04-01T09:30:47","modified_gmt":"2016-04-01T06:30:47","slug":"strada-gheorghe-asachi-si-bulevardul-cantemir-vor-fi-reabilitate","status":"publish","type":"post","link":"https:\/\/infois.ro\/?p=22718","title":{"rendered":"Strada Gheorghe Asachi \u0219i Bulevardul Cantemir vor fi reabilitate"},"content":{"rendered":"<p style=\"text-align: justify;\"><a href=\"http:\/\/infois.ro\/wp-content\/uploads\/2016\/04\/bdul-cantemir.jpg\"><img loading=\"lazy\" decoding=\"async\" class=\"alignleft  wp-image-22719\" src=\"http:\/\/infois.ro\/wp-content\/uploads\/2016\/04\/bdul-cantemir.jpg\" alt=\"bdul cantemir\" width=\"261\" height=\"196\" srcset=\"https:\/\/infois.ro\/wp-content\/uploads\/2016\/04\/bdul-cantemir.jpg 640w, https:\/\/infois.ro\/wp-content\/uploads\/2016\/04\/bdul-cantemir-300x225.jpg 300w\" sizes=\"(max-width: 261px) 100vw, 261px\" \/><\/a><\/p>\n<p style=\"text-align: justify;\">\u00centruni\u021bi \u00een \u0219edin\u021b\u0103 ordinar\u0103, consilierii locali ie\u0219eni au aprobat joi, 31 martie, actualizarea indicatorilor tehnico-economici pentru proiectarea \u015fi execu\u0163ia lucr\u0103rilor de reabilitare a str\u0103zii Gheorghe Asachi \u015fi a bulevardului Dimitrie Cantemir. \u00cen ambele cazuri se are \u00een vedere reabilitarea \u00een totalitate a infrastructurii rutiere, carosabile \u015fi necarosabile. Potrivit documenta\u021biei tehnice care a \u00eenso\u021bit proiectul de hot\u0103r\u00e2re, se are \u00een vedere\u00a0\u015fi ridicarea la cot\u0103 a c\u0103minelor de utilit\u0103\u0163i, iluminatul public, spa\u0163iile verzi \u015fi trotuarele. \u00cen plus, \u00een cazul str\u0103zii Gheorghe Asachi se vor c\u0103uta solu\u021bii pentru circula\u0163ia cu bicicleta, \u0163in\u00e2nd cont c\u0103 \u00een zon\u0103 sunt mul\u0163i studen\u0163i. Conform proiectului de hot\u0103r\u00e2re, lucr\u0103rile pe strada Gheorghe Asachi, care vor fi efectuate pe o lungime de 291 de metri, au o valoare estimat\u0103 de 810.289 de lei \u015fi o durat\u0103 de realizare de patru luni, \u00een timp ce lucr\u0103rile pe bulevardul Cantemir ar urma s\u0103 dureze \u0219ase luni, valoarea estimat\u0103 a acestora pe cei 630 de metri ridic\u00e2ndu-se la 3.150.238 de lei.<\/p>\n","protected":false},"excerpt":{"rendered":"<p>\u00centruni\u021bi \u00een \u0219edin\u021b\u0103 ordinar\u0103, consilierii locali ie\u0219eni au aprobat joi, 31 martie, actualizarea indicatorilor tehnico-economici&#8230; <a class=\"meta-more\" href=\"https:\/\/infois.ro\/?p=22718\">more <span class=\"meta-nav\">&raquo;<\/span><\/a><\/p>\n","protected":false},"author":2,"featured_media":22719,"comment_status":"open","ping_status":"closed","sticky":false,"template":"","format":"standard","meta":{"footnotes":""},"categories":[1,41],"tags":[74,3028,1553,40,3112,2700],"aioseo_notices":[],"_links":{"self":[{"href":"https:\/\/infois.ro\/index.php?rest_route=\/wp\/v2\/posts\/22718"}],"collection":[{"href":"https:\/\/infois.ro\/index.php?rest_route=\/wp\/v2\/posts"}],"about":[{"href":"https:\/\/infois.ro\/index.php?rest_route=\/wp\/v2\/types\/post"}],"author":[{"embeddable":true,"href":"https:\/\/infois.ro\/index.php?rest_route=\/wp\/v2\/users\/2"}],"replies":[{"embeddable":true,"href":"https:\/\/infois.ro\/index.php?rest_route=%2Fwp%2Fv2%2Fcomments&post=22718"}],"version-history":[{"count":1,"href":"https:\/\/infois.ro\/index.php?rest_route=\/wp\/v2\/posts\/22718\/revisions"}],"predecessor-version":[{"id":22720,"href":"https:\/\/infois.ro\/index.php?rest_route=\/wp\/v2\/posts\/22718\/revisions\/22720"}],"wp:featuredmedia":[{"embeddable":true,"href":"https:\/\/infois.ro\/index.php?rest_route=\/wp\/v2\/media\/22719"}],"wp:attachment":[{"href":"https:\/\/infois.ro\/index.php?rest_route=%2Fwp%2Fv2%2Fmedia&parent=22718"}],"wp:term":[{"taxonomy":"category","embeddable":true,"href":"https:\/\/infois.ro\/index.php?rest_route=%2Fwp%2Fv2%2Fcategories&post=22718"},{"taxonomy":"post_tag","embeddable":true,"href":"https:\/\/infois.ro\/index.php?rest_route=%2Fwp%2Fv2%2Ftags&post=22718"}],"curies":[{"name":"wp","href":"https:\/\/api.w.org\/{rel}","templated":true}]}}