{"id":2272,"date":"2012-10-13T19:12:07","date_gmt":"2012-10-13T16:12:07","guid":{"rendered":"http:\/\/infois.ro\/?p=2272"},"modified":"2012-10-13T19:12:07","modified_gmt":"2012-10-13T16:12:07","slug":"la-iasi-ar-putea-fi-infiintata-o-asociatie-intercomunitara-pentru-transportul-public-de-persoane","status":"publish","type":"post","link":"https:\/\/infois.ro\/?p=2272","title":{"rendered":"La Ia\u0219i ar putea fi \u00eenfiin\u021bat\u0103 o asocia\u021bie intercomunitar\u0103 pentru transportul public de persoane"},"content":{"rendered":"<p style=\"text-align: justify;\"><a class=\"highslide\" onclick=\"return vz.expand(this)\" href=\"http:\/\/infois.ro\/wp-content\/uploads\/2012\/10\/asociatie-transport-intercomunitar.jpg\"><img loading=\"lazy\" decoding=\"async\" class=\"alignleft size-large wp-image-2273\" title=\"asociatie transport intercomunitar\" src=\"http:\/\/infois.ro\/wp-content\/uploads\/cache\/2012\/10\/asociatie-transport-intercomunitar\/4241374814.jpg\" alt=\"\" width=\"455\" height=\"280\" \/><\/a><\/p>\n<p style=\"text-align: justify;\">Prim\u0103ria ie\u0219ean\u0103 dore\u0219te s\u0103 \u00eenfiin\u021beze o asocia\u021bie intercomunitar\u0103, prin care transportul din municipiu s\u0103 fie legat de localit\u0103\u021bile din Zona Metropolitan\u0103 Ia\u0219i (ZMI). Potrivit viceprimarului Marius Dang\u0103, asocia\u021bia ar urma s\u0103 aib\u0103 statut de serviciu de utilitate public\u0103, ea desf\u0103\u0219ur\u00e2ndu-\u0219i activitatea \u00een cadrul Zonei Metropolitane Ia\u0219i, pentru a putea, astfel, s\u0103 beneficieze de fonduri europene nerambursabile pentru dezvoltare. \u201dDorim s\u0103 \u00eenfiin\u021b\u0103m o asocia\u021bie intercomunitar\u0103 pentru transportul public de persoane, care s\u0103 fac\u0103 leg\u0103tura \u00eentre municipiul Ia\u0219i \u0219i localit\u0103\u021bile limitrofe, care fac parte din ZMI. Legisla\u021bia a fost \u00eentre timp modificat\u0103, \u00een sensul c\u0103 o asocia\u021bie poate primi din partea Guvernului avizul de func\u021bionare abia dup\u0103 trei ani. Din acest motiv, statutul acestei asocia\u021bii va trebui s\u0103 fie modificat, pentru a se tranforma \u00eentr-un serviciu de utilitate public\u0103, beneficiind, \u00een acest fel, de fonduri europene nerambursabile pentru dezvoltare\u201d, a declarat Marius Dang\u0103, care a ad\u0103ugat c\u0103 modificarea statutului urmeaz\u0103 s\u0103 fie aprobat\u0103 \u00een cadrul urm\u0103toarei \u0219edin\u021be a Consiliului Metropolitan Ia\u0219i. Potrivit inten\u021biei municipalit\u0103\u021bii, asocia\u021bia intercomunitar\u0103 de transport va avea ca scop exploatarea \u00een interes comun a serviciului de transport public local de persoane prin curse regulate \u0219i curse regulate speciale \u00eentre municipiul Ia\u0219i \u0219i localit\u0103\u021bile limitrofe, dup\u0103 modelul Asocia\u021biei Regionale a Serviciilor de Ap\u0103 \u0219i Canal din jude\u021bul Ia\u0219i (ARSACIS), sau al Asocia\u021biei de Dezvoltare Intercomunitar\u0103 pentru Salubritate (ADIS). Operatorul asocia\u021biei de dezvoltare intercomunitar\u0103 pentru transport ar putea fi Regia Autonom\u0103 de Transport Public (RATP), dar \u0219i un alt operator, eventual privat, o decizie \u00een acest sens urm\u00e2nd s\u00ee fie luat\u0103 de Consiliul Metropolitan Ia\u0219i. P\u00e2n\u0103 acum \u0219i-au exprimat inten\u021bia de a face parte din asocia\u021bie intercomunitar\u0103 pentru transportul public de persoane, \u00een afar\u0103 de municipiul Ia\u0219i, consiliile locale din B\u00e2rnova, Ciurea, Holboca \u0219i Victoria.<\/p>\n","protected":false},"excerpt":{"rendered":"<p>Prim\u0103ria ie\u0219ean\u0103 dore\u0219te s\u0103 \u00eenfiin\u021beze o asocia\u021bie intercomunitar\u0103, prin care transportul din municipiu s\u0103 fie&#8230; <a class=\"meta-more\" href=\"https:\/\/infois.ro\/?p=2272\">more <span class=\"meta-nav\">&raquo;<\/span><\/a><\/p>\n","protected":false},"author":2,"featured_media":2273,"comment_status":"open","ping_status":"open","sticky":false,"template":"","format":"standard","meta":{"footnotes":""},"categories":[1,41],"tags":[74,40,982,981],"aioseo_notices":[],"_links":{"self":[{"href":"https:\/\/infois.ro\/index.php?rest_route=\/wp\/v2\/posts\/2272"}],"collection":[{"href":"https:\/\/infois.ro\/index.php?rest_route=\/wp\/v2\/posts"}],"about":[{"href":"https:\/\/infois.ro\/index.php?rest_route=\/wp\/v2\/types\/post"}],"author":[{"embeddable":true,"href":"https:\/\/infois.ro\/index.php?rest_route=\/wp\/v2\/users\/2"}],"replies":[{"embeddable":true,"href":"https:\/\/infois.ro\/index.php?rest_route=%2Fwp%2Fv2%2Fcomments&post=2272"}],"version-history":[{"count":2,"href":"https:\/\/infois.ro\/index.php?rest_route=\/wp\/v2\/posts\/2272\/revisions"}],"predecessor-version":[{"id":2275,"href":"https:\/\/infois.ro\/index.php?rest_route=\/wp\/v2\/posts\/2272\/revisions\/2275"}],"wp:featuredmedia":[{"embeddable":true,"href":"https:\/\/infois.ro\/index.php?rest_route=\/wp\/v2\/media\/2273"}],"wp:attachment":[{"href":"https:\/\/infois.ro\/index.php?rest_route=%2Fwp%2Fv2%2Fmedia&parent=2272"}],"wp:term":[{"taxonomy":"category","embeddable":true,"href":"https:\/\/infois.ro\/index.php?rest_route=%2Fwp%2Fv2%2Fcategories&post=2272"},{"taxonomy":"post_tag","embeddable":true,"href":"https:\/\/infois.ro\/index.php?rest_route=%2Fwp%2Fv2%2Ftags&post=2272"}],"curies":[{"name":"wp","href":"https:\/\/api.w.org\/{rel}","templated":true}]}}