{"id":2282,"date":"2012-10-13T19:22:23","date_gmt":"2012-10-13T16:22:23","guid":{"rendered":"http:\/\/infois.ro\/?p=2282"},"modified":"2012-10-13T19:22:23","modified_gmt":"2012-10-13T16:22:23","slug":"proiectul-privind-realizarea-centrului-intermodal-regional-de-transport-marfa-iasi-a-primit-unda-verde-din-partea-cnsc","status":"publish","type":"post","link":"https:\/\/infois.ro\/?p=2282","title":{"rendered":"Proiectul privind realizarea Centrului Intermodal Regional de Transport Marf\u0103 Ia\u0219i a primit und\u0103 verde din partea CNSC"},"content":{"rendered":"<p style=\"text-align: justify;\"><a class=\"highslide\" onclick=\"return vz.expand(this)\" href=\"http:\/\/infois.ro\/wp-content\/uploads\/2012\/10\/centru-transport.jpg\"><img loading=\"lazy\" decoding=\"async\" class=\"alignleft size-large wp-image-2283\" title=\"centru transport\" src=\"http:\/\/infois.ro\/wp-content\/uploads\/cache\/2012\/10\/centru-transport\/3769431816.jpg\" alt=\"\" width=\"630\" height=\"421\" \/><\/a><\/p>\n<p style=\"text-align: justify;\">Proiectul privind realizarea Centrului Intermodal Regional de Transport Marf\u0103 Ia\u0219i\u00a0 este foarte aproape de a deveni realitatre, dup\u0103 ce, \u00een aceast\u0103 s\u0103pt\u0103m\u00e2n\u0103, Consiliului Na\u0163ional de Solu\u0163ionare a Contesta\u0163iilor (CNS) a respins contesta\u021bia depus\u0103 de o firm\u0103 din Capital\u0103 \u00een leg\u0103tur\u0103 cu realizarea studiului de fezabilitate al acestei investi\u021bii. Anun\u021bul a fost f\u0103cut vineri, 12 octombrie, de pre\u0219edintele Consiliului Jude\u021bean (CJ) Ia\u0219i, \u00een cadrul \u0219edin\u021bei extraordinare a Legislativului jude\u021bean, desf\u0103\u0219urat\u0103 \u00een Sala Galben\u0103 a Prefecturii. \u201cAcest proiect va aduce \u00een Ia\u0219i locuri de munc\u0103, va revigora \u0219i dinamiza economia local\u0103. Voi depune toate eforturile \u0219i \u00eemi voi aloca \u00een continuare toat\u0103 energia pentru ca acesta s\u0103 fie implementat \u00een Ia\u0219i. Jude\u021bul nostru are nevoie de ini\u021biative care s\u0103 duc\u0103 la dezvoltarea durabil\u0103 \u0219i la crearea locurilor de munc\u0103, iar Centrul Intermodal Regional de Transport Marf\u0103 Ia\u0219i r\u0103spunde acestui deziderat\u201d, a spus pre\u0219edintele Consiliului Jude\u021bean Ia\u0219i.<strong><\/strong><\/p>\n","protected":false},"excerpt":{"rendered":"<p>Proiectul privind realizarea Centrului Intermodal Regional de Transport Marf\u0103 Ia\u0219i\u00a0 este foarte aproape de a&#8230; <a class=\"meta-more\" href=\"https:\/\/infois.ro\/?p=2282\">more <span class=\"meta-nav\">&raquo;<\/span><\/a><\/p>\n","protected":false},"author":2,"featured_media":2283,"comment_status":"open","ping_status":"open","sticky":false,"template":"","format":"standard","meta":{"footnotes":""},"categories":[1],"tags":[74,985],"aioseo_notices":[],"_links":{"self":[{"href":"https:\/\/infois.ro\/index.php?rest_route=\/wp\/v2\/posts\/2282"}],"collection":[{"href":"https:\/\/infois.ro\/index.php?rest_route=\/wp\/v2\/posts"}],"about":[{"href":"https:\/\/infois.ro\/index.php?rest_route=\/wp\/v2\/types\/post"}],"author":[{"embeddable":true,"href":"https:\/\/infois.ro\/index.php?rest_route=\/wp\/v2\/users\/2"}],"replies":[{"embeddable":true,"href":"https:\/\/infois.ro\/index.php?rest_route=%2Fwp%2Fv2%2Fcomments&post=2282"}],"version-history":[{"count":1,"href":"https:\/\/infois.ro\/index.php?rest_route=\/wp\/v2\/posts\/2282\/revisions"}],"predecessor-version":[{"id":2284,"href":"https:\/\/infois.ro\/index.php?rest_route=\/wp\/v2\/posts\/2282\/revisions\/2284"}],"wp:featuredmedia":[{"embeddable":true,"href":"https:\/\/infois.ro\/index.php?rest_route=\/wp\/v2\/media\/2283"}],"wp:attachment":[{"href":"https:\/\/infois.ro\/index.php?rest_route=%2Fwp%2Fv2%2Fmedia&parent=2282"}],"wp:term":[{"taxonomy":"category","embeddable":true,"href":"https:\/\/infois.ro\/index.php?rest_route=%2Fwp%2Fv2%2Fcategories&post=2282"},{"taxonomy":"post_tag","embeddable":true,"href":"https:\/\/infois.ro\/index.php?rest_route=%2Fwp%2Fv2%2Ftags&post=2282"}],"curies":[{"name":"wp","href":"https:\/\/api.w.org\/{rel}","templated":true}]}}