{"id":2285,"date":"2012-10-13T19:26:04","date_gmt":"2012-10-13T16:26:04","guid":{"rendered":"http:\/\/infois.ro\/?p=2285"},"modified":"2012-10-13T19:26:04","modified_gmt":"2012-10-13T16:26:04","slug":"cj-iasi-a-aprobat-indicatorii-tehnico-economici-pentru-proiectul-de-modernizare-a-aeroportului","status":"publish","type":"post","link":"https:\/\/infois.ro\/?p=2285","title":{"rendered":"CJ Ia\u0219i a aprobat indicatorii tehnico-economici pentru proiectul de modernizare a Aeroportului"},"content":{"rendered":"<p style=\"text-align: justify;\"><a class=\"highslide\" onclick=\"return vz.expand(this)\" href=\"http:\/\/infois.ro\/wp-content\/uploads\/2012\/10\/Aeroportul-Iasi.jpg\"><img loading=\"lazy\" decoding=\"async\" class=\"alignleft size-large wp-image-2286\" title=\"Aeroportul-Iasi\" src=\"http:\/\/infois.ro\/wp-content\/uploads\/cache\/2012\/10\/Aeroportul-Iasi\/2666994957.jpg\" alt=\"\" width=\"900\" height=\"720\" \/><\/a><\/p>\n<p style=\"text-align: justify;\">\u00centrunit \u00een \u0219edin\u021b\u0103 extraordinar\u0103, plenul Consiliului Jude\u021bean (CJ) Ia\u0219i a aprobat vineri, 12 octombrie, mai multe proiecte de hot\u0103r\u00e2re privind modernizarea Aeroportului Interna\u021bional Ia\u0219i prin intermediul fondurilor europene. \u201eAst\u0103zi (vineri, 12 octombrie -n.r.) am aprobat documenta\u0163ia pentru depunerea proiectului pe Programul Opera\u0163ional Sectorial \u2013 Transport. Vom solicita maximul sumei admise, adic\u0103 aproximativ 40 milioane de euro. Suma reprezint\u0103 contravaloarea construirii ie\u015firilor din pista nou\u0103 \u015fi ie\u015firile la platforma nou\u0103 de parcare a avioanelor. Ast\u0103zi nu avem dec\u00e2t platforma existent\u0103, pe care cu greu ar putea s\u0103 \u00eencap\u0103 dou\u0103 avioane mediu curier. Ea va fi l\u0103rgit\u0103, dar solu\u0163ia durabil\u0103 este construc\u0163ia unei noi platforme care s\u0103 acomodeze p\u00e2n\u0103 la 16 avioane \u015fi, evident, bretelele de conectare la noua pist\u0103, care s\u0103 conduc\u0103 la platforma de parcare\u201d, a declarat pre\u0219edintele CJ Ia\u0219i, Cristian Adomni\u021bei. \u0218eful Legislativului jude\u021bean a ad\u0103ugat c\u0103 urmeaz\u0103 o realocare a fondurilor \u00eentre diversele axe de finan\u0163are, Comisia European\u0103 urm\u00e2nd a suplimenta \u00een cur\u00e2nd sumele pentru sectorul dezvolt\u0103rii infrastructurii aeroportuare. Concret, \u00een cadrul \u0219edin\u021bei de vineri, consilierii jude\u0163eni au aprobat indicatorii tehnico-economici pentru realizarea a dou\u0103 c\u0103i de degajare rapid\u0103, a unei platforme \u00eembarcare-debarcare \u015fi a instala\u0163iilor aferente, mai exact balizaj \u015fi sistem de iluminare. Cererea de finan\u0163are va fi depus\u0103 cel mai probabil \u00een cursul s\u0103pt\u0103m\u00e2nii viitoare.<\/p>\n","protected":false},"excerpt":{"rendered":"<p>\u00centrunit \u00een \u0219edin\u021b\u0103 extraordinar\u0103, plenul Consiliului Jude\u021bean (CJ) Ia\u0219i a aprobat vineri, 12 octombrie, mai&#8230; <a class=\"meta-more\" href=\"https:\/\/infois.ro\/?p=2285\">more <span class=\"meta-nav\">&raquo;<\/span><\/a><\/p>\n","protected":false},"author":2,"featured_media":2286,"comment_status":"open","ping_status":"open","sticky":false,"template":"","format":"standard","meta":{"footnotes":""},"categories":[1,41],"tags":[74,465,986],"aioseo_notices":[],"_links":{"self":[{"href":"https:\/\/infois.ro\/index.php?rest_route=\/wp\/v2\/posts\/2285"}],"collection":[{"href":"https:\/\/infois.ro\/index.php?rest_route=\/wp\/v2\/posts"}],"about":[{"href":"https:\/\/infois.ro\/index.php?rest_route=\/wp\/v2\/types\/post"}],"author":[{"embeddable":true,"href":"https:\/\/infois.ro\/index.php?rest_route=\/wp\/v2\/users\/2"}],"replies":[{"embeddable":true,"href":"https:\/\/infois.ro\/index.php?rest_route=%2Fwp%2Fv2%2Fcomments&post=2285"}],"version-history":[{"count":1,"href":"https:\/\/infois.ro\/index.php?rest_route=\/wp\/v2\/posts\/2285\/revisions"}],"predecessor-version":[{"id":2287,"href":"https:\/\/infois.ro\/index.php?rest_route=\/wp\/v2\/posts\/2285\/revisions\/2287"}],"wp:featuredmedia":[{"embeddable":true,"href":"https:\/\/infois.ro\/index.php?rest_route=\/wp\/v2\/media\/2286"}],"wp:attachment":[{"href":"https:\/\/infois.ro\/index.php?rest_route=%2Fwp%2Fv2%2Fmedia&parent=2285"}],"wp:term":[{"taxonomy":"category","embeddable":true,"href":"https:\/\/infois.ro\/index.php?rest_route=%2Fwp%2Fv2%2Fcategories&post=2285"},{"taxonomy":"post_tag","embeddable":true,"href":"https:\/\/infois.ro\/index.php?rest_route=%2Fwp%2Fv2%2Ftags&post=2285"}],"curies":[{"name":"wp","href":"https:\/\/api.w.org\/{rel}","templated":true}]}}