{"id":2288,"date":"2012-10-13T19:28:41","date_gmt":"2012-10-13T16:28:41","guid":{"rendered":"http:\/\/infois.ro\/?p=2288"},"modified":"2012-10-13T19:28:41","modified_gmt":"2012-10-13T16:28:41","slug":"aproape-4-000-de-persoane-se-afla-in-cautarea-unei-locuinte-la-iasi","status":"publish","type":"post","link":"https:\/\/infois.ro\/?p=2288","title":{"rendered":"Aproape 4.000 de persoane se afl\u0103 \u00een c\u0103utarea unei locuin\u021be la Ia\u0219i"},"content":{"rendered":"<p style=\"text-align: justify;\"><a class=\"highslide\" onclick=\"return vz.expand(this)\" href=\"http:\/\/infois.ro\/wp-content\/uploads\/2012\/10\/situatie-locuinte-sociale-si-convenabile.jpg\"><img loading=\"lazy\" decoding=\"async\" class=\"alignleft size-large wp-image-2289\" title=\"situatie locuinte sociale si convenabile\" src=\"http:\/\/infois.ro\/wp-content\/uploads\/cache\/2012\/10\/situatie-locuinte-sociale-si-convenabile\/3380913398.jpg\" alt=\"\" width=\"620\" height=\"380\" \/><\/a><\/p>\n<p style=\"text-align: justify;\">P\u00e2n\u0103 pe data de 30 septembrie 2012, la Prim\u0103ria municipiului Ia\u0219i erau \u00eenregistrate oficial 3.835 de dosare \u00een vederea acord\u0103rii de locuin\u021be. Pentru acordarea de locuin\u021be sociale erau depuse 2.214 dosare, \u00een timp ce 3.031 de dosare erau pentru acordarea de locuin\u021be convenabile. Potrivit viceprimarului Marius Dang\u0103, num\u0103rul solicit\u0103rilor pentru acordarea de locuin\u021be este diferit, av\u00e2nd \u00een vedere c\u0103 o persoan\u0103 poate depune cerere at\u00e2t pentru acordarea unei locuin\u021be sociale, c\u00e2t \u0219i pentru o locuin\u021b\u0103 convenabil\u0103, legea neinterzic\u00e2nd acest lucru. \u201d\u00cen acest moment, dosarele se afl\u0103 \u00een curs de evaluare de c\u0103tre membrii comisiei special constituite \u00een acest sens. Noi sper\u0103m ca p\u00e2n\u0103 la sf\u00e2r\u0219itul lunii decembrie 2012, procesul de evaluare a dosarelor s\u0103 fie finalizat, astfel \u00eenc\u00e2t la prima \u0219edin\u021b\u0103 a Consiliului Local Municipal (CLM) din luna ianuarie 2013 s\u0103 putem supune spre aprobare plenului Legislativului local proiectul de hot\u0103r\u00e2re cu lista persoanelor care au dreptul la aceste locuin\u021be, \u00een func\u021bie de punctajul ob\u021binut\u201d, a precizat viceprimarul Marius Dang\u0103.\u00a0 \u00cen acest moment, cererea de locuin\u0163e sociale \u00een municipiul Ia\u015fi este de peste 5.000 de apartamente, \u00een condi\u0163iile \u00een care, \u00een ultimii ani, municipalitatea a dat \u00een folosin\u021b\u0103 circa 500 de locuin\u0163e ANL. Recent, primarul Gheorghe Nichita a anun\u021bat c\u0103 municipalitatea ie\u0219ean\u0103 va solicita ajutorul Uniunii Europeane pentru continuarea programului de construc\u0163ii de locuin\u0163e sociale, \u00een condi\u0163iile \u00een care, \u00een ultimii ani, banii aloca\u0163i de Guvern pentru astfel de investi\u0163ii au fost total insuficien\u0163i. Pentru c\u0103 UE nu aloc\u0103 direct fonduri pentru construc\u0163ia de locuin\u0163e (acestea fiind considerate c\u0103 au un regim privat), reprezentan\u0163ii municipalit\u0103\u0163ii s-au g\u00e2ndit la un plan de ac\u0163iune, prin care s\u0103 atrag\u0103, totu\u015fi, banii necesari pentru o astfel de investi\u0163ie. \u201eCeea ce dorim noi este realizarea unui plan de ac\u0163iune prin care s\u0103 g\u0103sim o variant\u0103 pentru finan\u0163area construc\u0163iilor de acest gen. Cu acest plan de ac\u0163iune vom merge la Comisia European\u0103 \u015fi vom cere ca pentru perioada de raportare 2014-2020 s\u0103 fie alocate fonduri pentru parteneriate public-private care \u00ee\u015fi propun dezvoltarea locuin\u0163elor sociale&#8221;, a declarat primarul, care a ad\u0103ugat c\u0103 documentul care va fi \u00eenaintat autorit\u0103\u021bilor de la Bruxelles va trebui s\u0103 cuprind\u0103 strategia autorit\u0103\u0163ilor locale \u00een domeniul construc\u0163iilor de locuin\u0163e sociale, care s\u0103 prevad\u0103 at\u00e2t suprafe\u021bele de teren pe care ele urmeaz\u0103 s\u0103 fie construite, c\u00e2t \u0219i sursele de finan\u0163are pentru ridicarea lor.\u00a0<strong><\/strong><\/p>\n","protected":false},"excerpt":{"rendered":"<p>P\u00e2n\u0103 pe data de 30 septembrie 2012, la Prim\u0103ria municipiului Ia\u0219i erau \u00eenregistrate oficial 3.835&#8230; <a class=\"meta-more\" href=\"https:\/\/infois.ro\/?p=2288\">more <span class=\"meta-nav\">&raquo;<\/span><\/a><\/p>\n","protected":false},"author":2,"featured_media":2289,"comment_status":"open","ping_status":"open","sticky":false,"template":"","format":"standard","meta":{"footnotes":""},"categories":[1,41],"tags":[74,987,296],"aioseo_notices":[],"_links":{"self":[{"href":"https:\/\/infois.ro\/index.php?rest_route=\/wp\/v2\/posts\/2288"}],"collection":[{"href":"https:\/\/infois.ro\/index.php?rest_route=\/wp\/v2\/posts"}],"about":[{"href":"https:\/\/infois.ro\/index.php?rest_route=\/wp\/v2\/types\/post"}],"author":[{"embeddable":true,"href":"https:\/\/infois.ro\/index.php?rest_route=\/wp\/v2\/users\/2"}],"replies":[{"embeddable":true,"href":"https:\/\/infois.ro\/index.php?rest_route=%2Fwp%2Fv2%2Fcomments&post=2288"}],"version-history":[{"count":2,"href":"https:\/\/infois.ro\/index.php?rest_route=\/wp\/v2\/posts\/2288\/revisions"}],"predecessor-version":[{"id":2291,"href":"https:\/\/infois.ro\/index.php?rest_route=\/wp\/v2\/posts\/2288\/revisions\/2291"}],"wp:featuredmedia":[{"embeddable":true,"href":"https:\/\/infois.ro\/index.php?rest_route=\/wp\/v2\/media\/2289"}],"wp:attachment":[{"href":"https:\/\/infois.ro\/index.php?rest_route=%2Fwp%2Fv2%2Fmedia&parent=2288"}],"wp:term":[{"taxonomy":"category","embeddable":true,"href":"https:\/\/infois.ro\/index.php?rest_route=%2Fwp%2Fv2%2Fcategories&post=2288"},{"taxonomy":"post_tag","embeddable":true,"href":"https:\/\/infois.ro\/index.php?rest_route=%2Fwp%2Fv2%2Ftags&post=2288"}],"curies":[{"name":"wp","href":"https:\/\/api.w.org\/{rel}","templated":true}]}}