{"id":22894,"date":"2016-04-13T06:21:00","date_gmt":"2016-04-13T03:21:00","guid":{"rendered":"http:\/\/infois.ro\/?p=22894"},"modified":"2016-04-13T06:21:00","modified_gmt":"2016-04-13T03:21:00","slug":"primaria-pregatita-pentru-declansarea-actiunii-de-dezinsectie-a-orasului","status":"publish","type":"post","link":"https:\/\/infois.ro\/?p=22894","title":{"rendered":"Prim\u0103ria, preg\u0103tit\u0103 pentru declan\u0219area ac\u021biunii de dezinsec\u021bie a ora\u0219ului"},"content":{"rendered":"<p style=\"text-align: justify;\"><a href=\"http:\/\/infois.ro\/wp-content\/uploads\/2016\/04\/dezinsectie.jpg\"><img loading=\"lazy\" decoding=\"async\" class=\"alignleft  wp-image-22895\" src=\"http:\/\/infois.ro\/wp-content\/uploads\/2016\/04\/dezinsectie.jpg\" alt=\"dezinsectie\" width=\"263\" height=\"175\" srcset=\"https:\/\/infois.ro\/wp-content\/uploads\/2016\/04\/dezinsectie.jpg 600w, https:\/\/infois.ro\/wp-content\/uploads\/2016\/04\/dezinsectie-300x199.jpg 300w\" sizes=\"(max-width: 263px) 100vw, 263px\" \/><\/a><\/p>\n<p style=\"text-align: justify;\">\u00centr-o conferin\u0163\u0103 de pres\u0103 sus\u0163inut\u0103 mar\u021bi, 12 aprilie, primarul interimar Mihai Chirica a dat asigur\u0103ri c\u0103 exist\u0103 \u00eentrunite toate condi\u0163iile pentru declan\u015farea ac\u0163iunilor de dezinsec\u0163ie la nivelul municipiului Ia\u015fi, acestea urm\u00e2nd a fi aplicate imediat dup\u0103 ce vremea va fi favorabil\u0103. \u201d\u00cenc\u0103 din luna februarie, am demarat activitatea de larvicidare, dezinsec\u0163ie \u015fi tratamente \u00eempotriva c\u0103pu\u015felor, precum \u015fi tratamente fitosanitare \u00een general. Astfel, am avut o coresponden\u0163\u0103 permanent\u0103 cu\u00a0Direc\u0163ia de S\u0103n\u0103tate Public\u0103, \u00eencerc\u00e2nd s\u0103 r\u0103spundem tuturor provoc\u0103rilor actuale. Avem o comunicare din partea firmelor care se ocup\u0103 de dezinsec\u0163ie ce ne confirm\u0103, printre altele, c\u0103 eficacitatea insecticidului utilizat este \u015fi pentru specia de insect\u0103 care poate fi purt\u0103toare a virusului Zika. De altfel, noi avem un acord cadru de servicii \u00eencheiat \u00een 2014, iar pe 2016 s-a \u00eencheiat contractul cadru subsecvent, \u00een valoare de 1,8 milioane de lei, pentru dezinsec\u0163ia aplicat\u0103 pe toat\u0103 suprafa\u0163a municipiului Ia\u015fi. Contractul prevede efectuarea de servicii de dezinsec\u0163ie, larvicidare \u015fi contra c\u0103pu\u015felor, care vor \u00eencepe imediat dup\u0103 \u00eencheierea sezonului ploios\u201d, a declarat primarul interimar Mihai Chirica.<\/p>\n","protected":false},"excerpt":{"rendered":"<p>\u00centr-o conferin\u0163\u0103 de pres\u0103 sus\u0163inut\u0103 mar\u021bi, 12 aprilie, primarul interimar Mihai Chirica a dat asigur\u0103ri&#8230; <a class=\"meta-more\" href=\"https:\/\/infois.ro\/?p=22894\">more <span class=\"meta-nav\">&raquo;<\/span><\/a><\/p>\n","protected":false},"author":2,"featured_media":22895,"comment_status":"open","ping_status":"closed","sticky":false,"template":"","format":"standard","meta":{"footnotes":""},"categories":[1,41],"tags":[74,3905,2166,40,8114],"aioseo_notices":[],"_links":{"self":[{"href":"https:\/\/infois.ro\/index.php?rest_route=\/wp\/v2\/posts\/22894"}],"collection":[{"href":"https:\/\/infois.ro\/index.php?rest_route=\/wp\/v2\/posts"}],"about":[{"href":"https:\/\/infois.ro\/index.php?rest_route=\/wp\/v2\/types\/post"}],"author":[{"embeddable":true,"href":"https:\/\/infois.ro\/index.php?rest_route=\/wp\/v2\/users\/2"}],"replies":[{"embeddable":true,"href":"https:\/\/infois.ro\/index.php?rest_route=%2Fwp%2Fv2%2Fcomments&post=22894"}],"version-history":[{"count":1,"href":"https:\/\/infois.ro\/index.php?rest_route=\/wp\/v2\/posts\/22894\/revisions"}],"predecessor-version":[{"id":22896,"href":"https:\/\/infois.ro\/index.php?rest_route=\/wp\/v2\/posts\/22894\/revisions\/22896"}],"wp:featuredmedia":[{"embeddable":true,"href":"https:\/\/infois.ro\/index.php?rest_route=\/wp\/v2\/media\/22895"}],"wp:attachment":[{"href":"https:\/\/infois.ro\/index.php?rest_route=%2Fwp%2Fv2%2Fmedia&parent=22894"}],"wp:term":[{"taxonomy":"category","embeddable":true,"href":"https:\/\/infois.ro\/index.php?rest_route=%2Fwp%2Fv2%2Fcategories&post=22894"},{"taxonomy":"post_tag","embeddable":true,"href":"https:\/\/infois.ro\/index.php?rest_route=%2Fwp%2Fv2%2Ftags&post=22894"}],"curies":[{"name":"wp","href":"https:\/\/api.w.org\/{rel}","templated":true}]}}