{"id":22931,"date":"2016-04-15T11:05:51","date_gmt":"2016-04-15T08:05:51","guid":{"rendered":"http:\/\/infois.ro\/?p=22931"},"modified":"2016-04-15T11:05:51","modified_gmt":"2016-04-15T08:05:51","slug":"ploaia-cazuta-aseara-a-facut-ravagii-in-iasi-zeci-de-strazi-au-fost-inundate","status":"publish","type":"post","link":"https:\/\/infois.ro\/?p=22931","title":{"rendered":"Ploaia c\u0103zut\u0103 asear\u0103 a f\u0103cut ravagii \u00een Ia\u0219i. Zeci de str\u0103zi au fost inundate"},"content":{"rendered":"<p style=\"text-align: justify;\"><a href=\"http:\/\/infois.ro\/wp-content\/uploads\/2016\/04\/Sedinta-Comitet-Situatii-de-Urgenta.jpg\"><img loading=\"lazy\" decoding=\"async\" class=\"alignleft  wp-image-22932\" src=\"http:\/\/infois.ro\/wp-content\/uploads\/2016\/04\/Sedinta-Comitet-Situatii-de-Urgenta.jpg\" alt=\"Sedinta Comitet Situatii de Urgenta\" width=\"306\" height=\"205\" srcset=\"https:\/\/infois.ro\/wp-content\/uploads\/2016\/04\/Sedinta-Comitet-Situatii-de-Urgenta.jpg 640w, https:\/\/infois.ro\/wp-content\/uploads\/2016\/04\/Sedinta-Comitet-Situatii-de-Urgenta-300x200.jpg 300w\" sizes=\"(max-width: 306px) 100vw, 306px\" \/><\/a><\/p>\n<p style=\"text-align: justify;\">Ca urmare a ploii toren\u021biale care a c\u0103zut \u00een municipiul Ia\u0219i, \u00eenso\u021bit\u0103 de furtun\u0103 \u0219i grindin\u0103, primarul interimar Mihai Chirica a convocat, \u00een cursul serii de joi, 14 aprilie, Comitetul pentru Situa\u021bii de Urgen\u021b\u0103. La \u00eent\u00e2lnirea care a avut loc \u00een Sala Mare a Prim\u0103riei au participat reprezentan\u021bii S.C. ApaVital S.A. (care gestioneaz\u0103 re\u021beaua de canalizare de pe raza municipiului Ia\u0219i), reprezentan\u021bii S.C. E.ON S.A. (care gestioneaz\u0103 alimentarea cu energie electric\u0103 a pompelor de evacuare a apelor pluviale din ora\u0219), reprezentan\u021bii Inspectoratului pentru Situa\u021bii de Urgen\u021b\u0103, precum \u0219i reprezentan\u021bii municipalit\u0103\u021bii (Poli\u021bia Local\u0103, S.C. Citadin S.A, S.C. Servicii Publice S.A, S.C. Salubris S.A, S.C. EcoPia\u021ba S.A, R.A.T.P., D.A.P.P.P. \u0219i Direc\u021bia Tehnic\u0103 \u0219i de Investi\u021bii). Potrivit Biroului de pres\u0103 al municipalit\u0103\u021bii, viceprimarul cu atribu\u021bii de primar Mihai Chirica a analizat raport\u0103rile furnizate de fiecare institu\u021bie \u00een parte \u0219i a dispus m\u0103suri punctuale pentru problemele ap\u0103rute \u00een ora\u0219. Astfel, regiile, societ\u0103\u021bile \u0219i direc\u021biile din subordinea municipalit\u0103\u021bii au intervenit, cu prioritate, \u00een zonele cele mai afectate de intemperii (zona Alexandru cel Bun &#8211; Dacia &#8211; Sarmisegetuza, Podul de Piatr\u0103 &#8211; str. Ipsilanti, zona P\u0103curari &#8211; Toma Cozma, Splai Bahlui &#8211; mal st\u00e2ng, bd. Nicolae Iorga &#8211; inclusiv pasajul Galata, pasajul cap\u0103t P\u0103curari). De asemenea, \u00een cadrul discu\u021biilor au fost relevate o serie de disfunc\u021bionalit\u0103\u021bi \u00een comunicarea \u0219i colaborarea dintre ApaVital \u0219i E.ON, disfunc\u021bionalit\u0103\u021bi care au generat probleme \u00een evacuarea apelor pluviale din punctele nevralgice amintite mai sus. \u201dAm observat \u0219i \u00een aceast\u0103 sear\u0103 o neconcordan\u021b\u0103 \u00eentre cei de la ApaVital \u0219i cei de la E.ON, care gestioneaz\u0103 alimentarea cu energie electric\u0103 a pompelor de evacuare a apelor pluviale din diferite puncte ale ora\u0219ului. Am f\u0103cut, din nou, un apel c\u0103tre reprezentan\u021bii celor dou\u0103 companii s\u0103 colaboreze mai bine \u0219i s\u0103 \u00ee\u0219i orienteze planurile de investi\u021bii \u0219i pentru rezolvarea acestor probleme care ne afecteaz\u0103 pe noi to\u021bi. Totodat\u0103, am dispus tuturor membrilor Comitetului pentru Situa\u021bii de Urgen\u021b\u0103 s\u0103 ac\u021bioneze c\u00e2t mai rapid, \u00eenc\u0103 din aceast\u0103 noapte, pentru ca, de m\u00e2ine diminea\u021b\u0103, ora\u0219ul s\u0103 func\u021bioneze \u00een condi\u021bii normale. Echipele mixte ale Citadin, Salubris, Servicii Publice \u0219i RATP vor fi la strad\u0103 pe parcursul \u00eentregii nop\u021bi pentru ca vineri diminea\u021ba ie\u0219enii s\u0103 poat\u0103 circula \u00een condi\u021bii normale\u201d, a declarat Mihai Chirica. Ploaia toren\u021bial\u0103 \u0219i grindina care au c\u0103zut joi seara \u00een municipiul Ia\u0219i au f\u0103cut ravagii, cantitatea de ap\u0103 acumulat\u0103 \u00een numai trei ore fiind de peste o sut\u0103 de litri pe metrul p\u0103trat, c\u00e2teva zeci de str\u0103zi fiind inundate din cauza faptului c\u0103 a fost \u00eenfundat\u0103 canalizarea, \u00een timp ce mai multe autoturisme au fost luate de apa a c\u0103rei \u00een\u0103l\u021bime a ajuns, \u00een unele locuri, \u0219i la o jum\u0103tate de metru.<\/p>\n","protected":false},"excerpt":{"rendered":"<p>Ca urmare a ploii toren\u021biale care a c\u0103zut \u00een municipiul Ia\u0219i, \u00eenso\u021bit\u0103 de furtun\u0103 \u0219i&#8230; <a class=\"meta-more\" href=\"https:\/\/infois.ro\/?p=22931\">more <span class=\"meta-nav\">&raquo;<\/span><\/a><\/p>\n","protected":false},"author":2,"featured_media":22932,"comment_status":"open","ping_status":"closed","sticky":false,"template":"","format":"standard","meta":{"footnotes":""},"categories":[1,41],"tags":[74,2431,40,1785,1735],"aioseo_notices":[],"_links":{"self":[{"href":"https:\/\/infois.ro\/index.php?rest_route=\/wp\/v2\/posts\/22931"}],"collection":[{"href":"https:\/\/infois.ro\/index.php?rest_route=\/wp\/v2\/posts"}],"about":[{"href":"https:\/\/infois.ro\/index.php?rest_route=\/wp\/v2\/types\/post"}],"author":[{"embeddable":true,"href":"https:\/\/infois.ro\/index.php?rest_route=\/wp\/v2\/users\/2"}],"replies":[{"embeddable":true,"href":"https:\/\/infois.ro\/index.php?rest_route=%2Fwp%2Fv2%2Fcomments&post=22931"}],"version-history":[{"count":1,"href":"https:\/\/infois.ro\/index.php?rest_route=\/wp\/v2\/posts\/22931\/revisions"}],"predecessor-version":[{"id":22933,"href":"https:\/\/infois.ro\/index.php?rest_route=\/wp\/v2\/posts\/22931\/revisions\/22933"}],"wp:featuredmedia":[{"embeddable":true,"href":"https:\/\/infois.ro\/index.php?rest_route=\/wp\/v2\/media\/22932"}],"wp:attachment":[{"href":"https:\/\/infois.ro\/index.php?rest_route=%2Fwp%2Fv2%2Fmedia&parent=22931"}],"wp:term":[{"taxonomy":"category","embeddable":true,"href":"https:\/\/infois.ro\/index.php?rest_route=%2Fwp%2Fv2%2Fcategories&post=22931"},{"taxonomy":"post_tag","embeddable":true,"href":"https:\/\/infois.ro\/index.php?rest_route=%2Fwp%2Fv2%2Ftags&post=22931"}],"curies":[{"name":"wp","href":"https:\/\/api.w.org\/{rel}","templated":true}]}}