{"id":23002,"date":"2016-04-19T06:26:34","date_gmt":"2016-04-19T03:26:34","guid":{"rendered":"http:\/\/infois.ro\/?p=23002"},"modified":"2016-04-19T06:26:34","modified_gmt":"2016-04-19T03:26:34","slug":"servicii-gratuite-de-terapie-pentru-persoanele-cu-dizabilitati-in-cadrul-proiectului-mobilitate-in-comunitate","status":"publish","type":"post","link":"https:\/\/infois.ro\/?p=23002","title":{"rendered":"Servicii gratuite de terapie pentru persoanele cu dizabilit\u0103\u021bi, \u00een cadrul proiectului \u201dMobilitate \u00een comunitate\u201d"},"content":{"rendered":"<p style=\"text-align: justify;\"><a href=\"http:\/\/infois.ro\/wp-content\/uploads\/2016\/04\/servicii-de-mobilitate.jpg\"><img loading=\"lazy\" decoding=\"async\" class=\"alignleft  wp-image-23003\" src=\"http:\/\/infois.ro\/wp-content\/uploads\/2016\/04\/servicii-de-mobilitate.jpg\" alt=\"servicii de mobilitate\" width=\"306\" height=\"204\" srcset=\"https:\/\/infois.ro\/wp-content\/uploads\/2016\/04\/servicii-de-mobilitate.jpg 640w, https:\/\/infois.ro\/wp-content\/uploads\/2016\/04\/servicii-de-mobilitate-300x200.jpg 300w\" sizes=\"(max-width: 306px) 100vw, 306px\" \/><\/a><\/p>\n<p style=\"text-align: justify;\">Peste o sut\u0103 de persoane cu dizabilit\u0103\u021bi din jude\u021bele Ia\u0219i, Vaslui \u0219i Neam\u021b au beneficiat de servicii gratuite de terapie sau de consiliere, suport \u0219i echipamente la domiciliu \u00een perioada martie 2015-aprilie 2016. Acestea au fost oferite de c\u0103tre o echip\u0103 multidisciplinar\u0103, format\u0103 din speciali\u0219ti ai Funda\u021biei Serviciilor Sociale Bethany \u0219i ai Funda\u021biei Motivation Rom\u00e2nia \u00een cadrul proiectului \u201dMobilitate \u00een comunitate\u201d. \u201dPrin activit\u0103\u021bile prev\u0103zute \u00een proiect, ini\u021biatorii\u00a0 \u0219i-au\u00a0 propus s\u0103 \u00eembun\u0103t\u0103\u021beasc\u0103 serviciile specializate dedicate persoanelor cu dizabilit\u0103\u021bi at\u00e2t din mediul urban, c\u00e2t \u0219i din zonele rurale. Au fost vizate \u0219i familiile sau apar\u021bin\u0103torii persoanelor cu dizabilit\u0103\u021bi, c\u00e2t \u0219i speciali\u0219tii din organiza\u021biile care activeaz\u0103 \u00een domeniu:\u00a0 30 de copii \u0219i tineri din jude\u021bul Ia\u0219i (cu v\u00e2rste cuprinse \u00eentre 3 \u0219i 25 de ani) cu dizabilit\u0103\u021bi neuro-psiho-motorii au beneficiat de terapie prin art\u0103 la centrul de recuperare al Funda\u021biei Serviciilor Sociale Bethany; 20 de p\u0103rin\u021bi au urmat sesiunile de consiliere individual\u0103 \u0219i de grup privind utilizarea acas\u0103 a tehnicilor de terapie prin art\u0103; 64 de persoane cu dizabilit\u0103\u021bi neuro-psiho-motorii din jude\u021bele Ia\u0219i, Vaslui \u0219i Neam\u021b au primit instruire, suport \u0219i echipamente de mobilitate la domiciliu prin serviciul de echip\u0103 mobil\u0103; 53 de persoane cu dizabilit\u0103\u021bi \u0219i 59 de speciali\u0219ti din domeniul protec\u021biei persoanelor cu dizabilit\u0103\u021bi activi \u00een mediul public \u0219i privat din jude\u021bele Ia\u0219i, Vaslui \u0219i Neam\u021b au participat la activit\u0103\u021bi de instruire care au urm\u0103rit dezvoltarea personal\u0103 \u0219i \u00eembun\u0103t\u0103\u021birea abilit\u0103\u021bilor de via\u021b\u0103 independent\u0103; 317 de \u00eenso\u021bitori\/asisten\u021bi personali\/membri ai familiei au fost instrui\u021bi \u00een cadrul unor seminarii concepute pentru dezvoltarea abilit\u0103\u021bilor de \u00eengrijire a persoanei cu dizabilit\u0103\u021bi neuro-psiho-motori; au fost furnizate 3 programe de formare a profesioni\u0219tilor din echipele celor dou\u0103 organiza\u021bii partenere pe teme precum: Consilier dezvoltare personal\u0103, Lucr\u0103tor prin arte combinate, Pedagog de recuperare; 12 institu\u021bii publice \u0219i nonprofit din jude\u021bele Ia\u0219i, Vaslui \u0219i Neam\u021b au devenit parteneri \u00een cadrul proiectului, facilit\u00e2nd accesul beneficiarilor la pachetul de servicii oferit de cele dou\u0103 organiza\u021bii. La nivelul comunit\u0103\u021bii, peste 250 de cet\u0103\u021beni din jude\u021bul Ia\u0219i au fost informa\u021bi prin intermediul Campaniei de sensibilizare \u0219i con\u0219tientizare cu privire la dizabilitate \u0219i a trei evenimente speciale despre dificult\u0103\u021bile pe care le \u00eent\u00e2mpin\u0103 persoanele cu dizabilit\u0103\u021bi\u201d, se precizeaz\u0103 \u00eentr-un comunicat de pres\u0103 al ini\u021biatorilor acestui proiect. Proiectul \u201eMobilitate \u00een comunitate\u201d este finan\u0163at prin granturile SEE 2009 \u2013 2014, \u00een cadrul Programului Fondul ONG \u00een Rom\u00e2nia. Valoarea proiectului se ridic\u0103 la suma de 84.425 euro, din care 75.000 de euro reprezint\u0103 finan\u021barea nerambursabil\u0103.<\/p>\n<p style=\"text-align: justify;\">\n","protected":false},"excerpt":{"rendered":"<p>Peste o sut\u0103 de persoane cu dizabilit\u0103\u021bi din jude\u021bele Ia\u0219i, Vaslui \u0219i Neam\u021b au beneficiat&#8230; <a class=\"meta-more\" href=\"https:\/\/infois.ro\/?p=23002\">more <span class=\"meta-nav\">&raquo;<\/span><\/a><\/p>\n","protected":false},"author":2,"featured_media":23003,"comment_status":"open","ping_status":"closed","sticky":false,"template":"","format":"standard","meta":{"footnotes":""},"categories":[32],"tags":[889,395,40,3112,2177],"aioseo_notices":[],"_links":{"self":[{"href":"https:\/\/infois.ro\/index.php?rest_route=\/wp\/v2\/posts\/23002"}],"collection":[{"href":"https:\/\/infois.ro\/index.php?rest_route=\/wp\/v2\/posts"}],"about":[{"href":"https:\/\/infois.ro\/index.php?rest_route=\/wp\/v2\/types\/post"}],"author":[{"embeddable":true,"href":"https:\/\/infois.ro\/index.php?rest_route=\/wp\/v2\/users\/2"}],"replies":[{"embeddable":true,"href":"https:\/\/infois.ro\/index.php?rest_route=%2Fwp%2Fv2%2Fcomments&post=23002"}],"version-history":[{"count":1,"href":"https:\/\/infois.ro\/index.php?rest_route=\/wp\/v2\/posts\/23002\/revisions"}],"predecessor-version":[{"id":23004,"href":"https:\/\/infois.ro\/index.php?rest_route=\/wp\/v2\/posts\/23002\/revisions\/23004"}],"wp:featuredmedia":[{"embeddable":true,"href":"https:\/\/infois.ro\/index.php?rest_route=\/wp\/v2\/media\/23003"}],"wp:attachment":[{"href":"https:\/\/infois.ro\/index.php?rest_route=%2Fwp%2Fv2%2Fmedia&parent=23002"}],"wp:term":[{"taxonomy":"category","embeddable":true,"href":"https:\/\/infois.ro\/index.php?rest_route=%2Fwp%2Fv2%2Fcategories&post=23002"},{"taxonomy":"post_tag","embeddable":true,"href":"https:\/\/infois.ro\/index.php?rest_route=%2Fwp%2Fv2%2Ftags&post=23002"}],"curies":[{"name":"wp","href":"https:\/\/api.w.org\/{rel}","templated":true}]}}