{"id":23072,"date":"2016-04-22T10:29:45","date_gmt":"2016-04-22T07:29:45","guid":{"rendered":"http:\/\/infois.ro\/?p=23072"},"modified":"2016-04-22T10:29:45","modified_gmt":"2016-04-22T07:29:45","slug":"biletele-si-abonamentele-studentesti-vor-fi-puse-in-vanzare-incepand-de-saptamana-viitoare","status":"publish","type":"post","link":"https:\/\/infois.ro\/?p=23072","title":{"rendered":"Biletele \u0219i abonamentele studen\u021be\u0219ti vor fi puse \u00een v\u00e2nzare \u00eencep\u00e2nd de s\u0103pt\u0103m\u00e2na viitoare"},"content":{"rendered":"<p style=\"text-align: justify;\"><a href=\"http:\/\/infois.ro\/wp-content\/uploads\/2016\/04\/studenti.jpg\"><img loading=\"lazy\" decoding=\"async\" class=\"alignleft  wp-image-23073\" src=\"http:\/\/infois.ro\/wp-content\/uploads\/2016\/04\/studenti.jpg\" alt=\"studenti\" width=\"258\" height=\"173\" srcset=\"https:\/\/infois.ro\/wp-content\/uploads\/2016\/04\/studenti.jpg 640w, https:\/\/infois.ro\/wp-content\/uploads\/2016\/04\/studenti-300x201.jpg 300w\" sizes=\"(max-width: 258px) 100vw, 258px\" \/><\/a><\/p>\n<p style=\"text-align: justify;\">\u00cencep\u00e2nd de luni, 25 aprilie, la tonetele RATP din ora\u0219 vor fi puse \u00een v\u00e2nzare biletele \u0219i abonamentele pentru studen\u021bi, a c\u0103ror pre\u021buri au fost aprobate de plenul Consiliului Local Municipal \u00een cadrul \u0219edin\u021bei de luna trecut\u0103. Anun\u021bul a fost f\u0103cut joi, \u00eentr-o conferin\u021b\u0103 de pres\u0103, de primarul interimar Mihai Chirica. \u201dBiletele \u015fi abonamentele vor avea culoarea verde, combinat\u0103 cu alb. Ele vor putea fi utilizate pe toat\u0103 raza municipiului Ia\u015fi, indiferent de operatorul de transport public\u201d, a declarat edilul. Pentru achizi\u021bionarea biletelor sau abonamentelor, studentul va trebui s\u0103 aib\u0103 la el carnetul de student sau adeverin\u0163a care s\u0103 confirme faptul c\u0103 face parte din acest grup. Pre\u0163urile biletelor \u0219i abonamentelor pentru elevii \u0219i studen\u021bii din Ia\u0219i sunt: 1 lei (un bilet cu o c\u0103l\u0103torie), 2 lei (un bilet cu dou\u0103 c\u0103l\u0103torii), 9 lei (un set de bilete 10 c\u0103l\u0103torii), 36,5 lei (un abonament 1 linie 30 zile), 43,5 lei (un abonament 2 linii 30 zilei), 58 lei (un abonament toate liniile 30 zile), 18,5 lei (un abonament 1 linie 15 zile), 22 lei (un abonament 2 linii 15 zile), 29 lei (un abonament toate liniile 15 zile) \u015fi 4 lei (un liber 1 zi). \u00cen alt\u0103 ordine de idei, primarul Mihai Chirica a anun\u021bat c\u0103, la propunerea c\u0103l\u0103torilor, \u00een mijloacele de transport \u00een comun vor fi introduse afi\u0219e cu itinerariul traseelor de autobuz \u0219i tramvai. \u201d\u00cen total vor fi tip\u0103rite 450 de buc\u0103\u021bi. \u00cen prima faz\u0103, afi\u0219ele vor fi lipite pe u\u0219ile din fa\u021b\u0103 \u0219i spate din tramvaie, urm\u00e2nd ca, ulterior, acestea s\u0103 fie lipite \u0219i pe geamurile din autobuze\u201d, a spus Mihai Chirica.<\/p>\n","protected":false},"excerpt":{"rendered":"<p>\u00cencep\u00e2nd de luni, 25 aprilie, la tonetele RATP din ora\u0219 vor fi puse \u00een v\u00e2nzare&#8230; <a class=\"meta-more\" href=\"https:\/\/infois.ro\/?p=23072\">more <span class=\"meta-nav\">&raquo;<\/span><\/a><\/p>\n","protected":false},"author":2,"featured_media":23073,"comment_status":"open","ping_status":"closed","sticky":false,"template":"","format":"standard","meta":{"footnotes":""},"categories":[1,41],"tags":[2980,74,1633,40,477],"aioseo_notices":[],"_links":{"self":[{"href":"https:\/\/infois.ro\/index.php?rest_route=\/wp\/v2\/posts\/23072"}],"collection":[{"href":"https:\/\/infois.ro\/index.php?rest_route=\/wp\/v2\/posts"}],"about":[{"href":"https:\/\/infois.ro\/index.php?rest_route=\/wp\/v2\/types\/post"}],"author":[{"embeddable":true,"href":"https:\/\/infois.ro\/index.php?rest_route=\/wp\/v2\/users\/2"}],"replies":[{"embeddable":true,"href":"https:\/\/infois.ro\/index.php?rest_route=%2Fwp%2Fv2%2Fcomments&post=23072"}],"version-history":[{"count":1,"href":"https:\/\/infois.ro\/index.php?rest_route=\/wp\/v2\/posts\/23072\/revisions"}],"predecessor-version":[{"id":23074,"href":"https:\/\/infois.ro\/index.php?rest_route=\/wp\/v2\/posts\/23072\/revisions\/23074"}],"wp:featuredmedia":[{"embeddable":true,"href":"https:\/\/infois.ro\/index.php?rest_route=\/wp\/v2\/media\/23073"}],"wp:attachment":[{"href":"https:\/\/infois.ro\/index.php?rest_route=%2Fwp%2Fv2%2Fmedia&parent=23072"}],"wp:term":[{"taxonomy":"category","embeddable":true,"href":"https:\/\/infois.ro\/index.php?rest_route=%2Fwp%2Fv2%2Fcategories&post=23072"},{"taxonomy":"post_tag","embeddable":true,"href":"https:\/\/infois.ro\/index.php?rest_route=%2Fwp%2Fv2%2Ftags&post=23072"}],"curies":[{"name":"wp","href":"https:\/\/api.w.org\/{rel}","templated":true}]}}