{"id":2311,"date":"2012-10-16T10:35:24","date_gmt":"2012-10-16T07:35:24","guid":{"rendered":"http:\/\/infois.ro\/?p=2311"},"modified":"2012-10-16T10:35:24","modified_gmt":"2012-10-16T07:35:24","slug":"vineri-19-octombrie-si-luni-22-octombrie-serviciul-public-comunitar-pentru-eliberarea-permiselor-auto-va-fi-inchis-pentru-public","status":"publish","type":"post","link":"https:\/\/infois.ro\/?p=2311","title":{"rendered":"Vineri, 19 octombrie, \u0219i luni, 22 octombrie, Serviciul Public Comunitar pentru Eliberarea Permiselor Auto va fi \u00eenchis pentru public"},"content":{"rendered":"<p style=\"text-align: justify;\"><a class=\"highslide\" onclick=\"return vz.expand(this)\" href=\"http:\/\/infois.ro\/wp-content\/uploads\/2012\/10\/permis.jpg\"><img loading=\"lazy\" decoding=\"async\" class=\"alignleft size-large wp-image-2312\" title=\"permis\" src=\"http:\/\/infois.ro\/wp-content\/uploads\/cache\/2012\/10\/permis\/831421948.jpg\" alt=\"\" width=\"440\" height=\"330\" \/><\/a><\/p>\n<p style=\"text-align: justify;\">\u00cen zilele de vineri, 19 octombrie, \u015fi luni, 22 octombrie, nu se va lucra cu publicul la Serviciul Public Comunitar pentru Eliberarea Permiselor Auto \u015fi de \u00cenmatriculare a Vehiculelor Ia\u0219i. \u00cen ceea ce prive\u015fte activitatea de examinare la proba practic\u0103, aceasta se va derula conform program\u0103rilor. Modific\u0103rile vor fi anun\u0163ate \u015fi la sediul serviciului, pe pagina de internet a Institu\u0163iei Prefectului. \u00centreruperea programului cu publicul este necesar\u0103 pentru a moderniza sistemul na\u0163ional de emitere \u015fi eviden\u0163\u0103 a permiselor de conducere. \u201dPrima faz\u0103 a acestui proces se va \u00eencheia p\u00e2n\u0103 la sf\u00e2r\u015fitul acestui an. Un prim beneficiu const\u0103 \u00een simplificarea formalit\u0103\u0163ilor necesare preschimb\u0103rii permiselor de conducere. \u00cen acest sens, se va elimina necesitatea procur\u0103rii \u015fi complet\u0103rii de c\u0103tre cet\u0103\u0163eni a formularelor aferente. Acestea vor fi tip\u0103rite direct la ghi\u015feele de primire a documentelor, \u00een sistem informatic. De asemenea, \u00eentr-o etap\u0103 viitoare va fi posibil\u0103 \u015fi \u00eencasarea contravalorii documentelor emise la ghi\u015feele serviciilor publice comunitare jude\u0163ene de profil\u201d, a declarat Felix Guzg\u0103, purt\u0103torul de cuv\u00e2nt al Institu\u0163iei Prefectului\u00a0Jude\u0163ului Ia\u015fi.<\/p>\n","protected":false},"excerpt":{"rendered":"<p>\u00cen zilele de vineri, 19 octombrie, \u015fi luni, 22 octombrie, nu se va lucra cu&#8230; <a class=\"meta-more\" href=\"https:\/\/infois.ro\/?p=2311\">more <span class=\"meta-nav\">&raquo;<\/span><\/a><\/p>\n","protected":false},"author":2,"featured_media":2312,"comment_status":"open","ping_status":"open","sticky":false,"template":"","format":"standard","meta":{"footnotes":""},"categories":[1,41],"tags":[74,446,993],"aioseo_notices":[],"_links":{"self":[{"href":"https:\/\/infois.ro\/index.php?rest_route=\/wp\/v2\/posts\/2311"}],"collection":[{"href":"https:\/\/infois.ro\/index.php?rest_route=\/wp\/v2\/posts"}],"about":[{"href":"https:\/\/infois.ro\/index.php?rest_route=\/wp\/v2\/types\/post"}],"author":[{"embeddable":true,"href":"https:\/\/infois.ro\/index.php?rest_route=\/wp\/v2\/users\/2"}],"replies":[{"embeddable":true,"href":"https:\/\/infois.ro\/index.php?rest_route=%2Fwp%2Fv2%2Fcomments&post=2311"}],"version-history":[{"count":1,"href":"https:\/\/infois.ro\/index.php?rest_route=\/wp\/v2\/posts\/2311\/revisions"}],"predecessor-version":[{"id":2313,"href":"https:\/\/infois.ro\/index.php?rest_route=\/wp\/v2\/posts\/2311\/revisions\/2313"}],"wp:featuredmedia":[{"embeddable":true,"href":"https:\/\/infois.ro\/index.php?rest_route=\/wp\/v2\/media\/2312"}],"wp:attachment":[{"href":"https:\/\/infois.ro\/index.php?rest_route=%2Fwp%2Fv2%2Fmedia&parent=2311"}],"wp:term":[{"taxonomy":"category","embeddable":true,"href":"https:\/\/infois.ro\/index.php?rest_route=%2Fwp%2Fv2%2Fcategories&post=2311"},{"taxonomy":"post_tag","embeddable":true,"href":"https:\/\/infois.ro\/index.php?rest_route=%2Fwp%2Fv2%2Ftags&post=2311"}],"curies":[{"name":"wp","href":"https:\/\/api.w.org\/{rel}","templated":true}]}}