{"id":23166,"date":"2016-04-27T09:31:33","date_gmt":"2016-04-27T06:31:33","guid":{"rendered":"http:\/\/infois.ro\/?p=23166"},"modified":"2016-04-27T09:31:33","modified_gmt":"2016-04-27T06:31:33","slug":"iasul-ar-putea-primi-finantare-de-la-guvern-pentru-constructia-de-locuinte-noi-pentru-tineri","status":"publish","type":"post","link":"https:\/\/infois.ro\/?p=23166","title":{"rendered":"Ia\u0219ul ar putea primi finan\u021bare de la Guvern pentru construc\u021bia de locuin\u021be noi pentru tineri"},"content":{"rendered":"<p style=\"text-align: justify;\"><a href=\"http:\/\/infois.ro\/wp-content\/uploads\/2016\/04\/locuinte.jpg\"><img loading=\"lazy\" decoding=\"async\" class=\"alignleft  wp-image-23167\" src=\"http:\/\/infois.ro\/wp-content\/uploads\/2016\/04\/locuinte.jpg\" alt=\"locuinte\" width=\"274\" height=\"183\" srcset=\"https:\/\/infois.ro\/wp-content\/uploads\/2016\/04\/locuinte.jpg 640w, https:\/\/infois.ro\/wp-content\/uploads\/2016\/04\/locuinte-300x200.jpg 300w\" sizes=\"(max-width: 274px) 100vw, 274px\" \/><\/a><\/p>\n<p style=\"text-align: justify;\">Ministerul Dezvolt\u0103rii Regionale va analiza s\u0103pt\u0103m\u00e2na viitoare cererea \u00eenaintat\u0103 de Prim\u0103ria municipiului Ia\u0219i privind alocarea de fonduri, \u00een acest an, pentru construc\u021bia de noi locuin\u021be pentru tineri. \u00cen cadrul discu\u021biilor pe care le-a purtat, la \u00eenceputul acestei s\u0103pt\u0103m\u00e2ni, la Ia\u0219i, cu vicepremierul Vasile D\u00e2ncu, primarul interimar Mihai Chirica a reluat, printre altele, \u0219i problema fondurilor necesare pentru construc\u021bia de noi locuin\u021be pentru tineri. \u201dDin 2011, Ia\u0219ul nu a mai beneficiat de aloca\u021bii de la Guvern pentru construc\u021bia de locuin\u021be pentru tineri, \u00een condi\u021biile \u00een care \u00een ultimii ani, municipalitatea a elaborat \u0219i \u00eenaintat Executivului mai multe documente \u00een acest sens. \u00cen urma discu\u021biilor pe care le-am purtat cu domnul vice prim-ministru am primit promisiuni c\u0103 cererea noastr\u0103 va fi analizat\u0103 de speciali\u0219tii din cadrul Ministerului Dezvolt\u0103rii Regionale \u00een cursul s\u0103pt\u0103m\u00e2nii viitoare\u201d, a declarat primarul interimar Mihai Chirica, mar\u021bi, \u00eentr-o conferin\u021b\u0103 de pres\u0103. Potrivit \u0219efului municipalit\u0103\u021bii ie\u0219ene, \u00een acest moment, num\u0103rul cererilor pentru repartizarea unei locuin\u021be noi pentru tineri se ridic\u0103 la c\u00e2teva zeci de mii.<\/p>\n","protected":false},"excerpt":{"rendered":"<p>Ministerul Dezvolt\u0103rii Regionale va analiza s\u0103pt\u0103m\u00e2na viitoare cererea \u00eenaintat\u0103 de Prim\u0103ria municipiului Ia\u0219i privind alocarea&#8230; <a class=\"meta-more\" href=\"https:\/\/infois.ro\/?p=23166\">more <span class=\"meta-nav\">&raquo;<\/span><\/a><\/p>\n","protected":false},"author":2,"featured_media":23167,"comment_status":"open","ping_status":"closed","sticky":false,"template":"","format":"standard","meta":{"footnotes":""},"categories":[1,41],"tags":[74,2189,40,1554],"aioseo_notices":[],"_links":{"self":[{"href":"https:\/\/infois.ro\/index.php?rest_route=\/wp\/v2\/posts\/23166"}],"collection":[{"href":"https:\/\/infois.ro\/index.php?rest_route=\/wp\/v2\/posts"}],"about":[{"href":"https:\/\/infois.ro\/index.php?rest_route=\/wp\/v2\/types\/post"}],"author":[{"embeddable":true,"href":"https:\/\/infois.ro\/index.php?rest_route=\/wp\/v2\/users\/2"}],"replies":[{"embeddable":true,"href":"https:\/\/infois.ro\/index.php?rest_route=%2Fwp%2Fv2%2Fcomments&post=23166"}],"version-history":[{"count":1,"href":"https:\/\/infois.ro\/index.php?rest_route=\/wp\/v2\/posts\/23166\/revisions"}],"predecessor-version":[{"id":23168,"href":"https:\/\/infois.ro\/index.php?rest_route=\/wp\/v2\/posts\/23166\/revisions\/23168"}],"wp:featuredmedia":[{"embeddable":true,"href":"https:\/\/infois.ro\/index.php?rest_route=\/wp\/v2\/media\/23167"}],"wp:attachment":[{"href":"https:\/\/infois.ro\/index.php?rest_route=%2Fwp%2Fv2%2Fmedia&parent=23166"}],"wp:term":[{"taxonomy":"category","embeddable":true,"href":"https:\/\/infois.ro\/index.php?rest_route=%2Fwp%2Fv2%2Fcategories&post=23166"},{"taxonomy":"post_tag","embeddable":true,"href":"https:\/\/infois.ro\/index.php?rest_route=%2Fwp%2Fv2%2Ftags&post=23166"}],"curies":[{"name":"wp","href":"https:\/\/api.w.org\/{rel}","templated":true}]}}