{"id":23218,"date":"2016-04-27T15:56:24","date_gmt":"2016-04-27T12:56:24","guid":{"rendered":"http:\/\/infois.ro\/?p=23218"},"modified":"2016-04-27T15:56:24","modified_gmt":"2016-04-27T12:56:24","slug":"schimb-intercultural-in-cadrul-proiectului-erasmus-derulat-de-elevii-si-cadrele-didactice-de-la-scoala-gimnaziala-gheorghe-bratianu","status":"publish","type":"post","link":"https:\/\/infois.ro\/?p=23218","title":{"rendered":"Schimb intercultural \u00een cadrul proiectului Erasmus, derulat de elevii \u0219i cadrele didactice de la \u0218coala Gimnazial\u0103 \u201dGheorghe Br\u0103tianu\u201d"},"content":{"rendered":"<p style=\"text-align: justify;\"><a href=\"http:\/\/infois.ro\/wp-content\/uploads\/2016\/04\/elevi1.jpg\"><img loading=\"lazy\" decoding=\"async\" class=\"alignleft  wp-image-23219\" src=\"http:\/\/infois.ro\/wp-content\/uploads\/2016\/04\/elevi1.jpg\" alt=\"elevi\" width=\"270\" height=\"202\" srcset=\"https:\/\/infois.ro\/wp-content\/uploads\/2016\/04\/elevi1.jpg 640w, https:\/\/infois.ro\/wp-content\/uploads\/2016\/04\/elevi1-300x225.jpg 300w\" sizes=\"(max-width: 270px) 100vw, 270px\" \/><\/a><\/p>\n<p style=\"text-align: justify;\">Cinci cadre didactice \u015fi zece elevi de la \u0218coala Gimnazial\u0103 \u201dGheorghe Br\u0103tianu\u201d din Ia\u0219i au beneficiat la \u00eenceputul lunii aprilie de un schimb intercultural \u00een localitatea Aversa (Italia). Ace\u0219tia au fost implica\u021bi \u00een diverse activit\u0103\u021bi legate de domeniul viticol, fiind vorba despre\u00a0cea de-a doua \u00eent\u00e2lnire din cadrul \u00a0proiectului Erasmus\u00a0<strong>\u201e<\/strong>La vigne au carrefour des cultures latines\u201d (<em>Vi<\/em><em>\u021b<\/em><em>a de vie la confluen<\/em><em>\u021b<\/em><em>a culturilor latine<\/em>),\u00a0coordonat de Colegiul \u201eVictor Louis\u201d din Talence, Fran\u021ba \u00een parteneriat cu \u0218coala Gimnazial\u0103 \u201eGh. I. Br\u0103tianu\u201d din Ia\u015fi \u0219i \u0218coala \u201eG. Pascoli\u201d din Aversa, Italia. \u201d\u00cen cadrul reuniunii, cadrele didactice au participat la mai multe activit\u0103\u021bi care vizeaz\u0103 cele dou\u0103 teme ale proiectului din acest an:\u00a0<em>arta<\/em>\u00a0\u0219i\u00a0<em>literatura<\/em>. Dintre acestea, men\u021bion\u0103m vizita unui muzeu arheologic, a expozi\u021biei de ceramic\u0103 greac\u0103 cu tematica\u00a0<em>mitologie <\/em><em>\u0219<\/em><em>i peisaje<\/em>, a unui sit arheologic. Pe coasta amalfitan\u0103 am avut ocazia de a realiza studiul geografic al unui peisaj viticol, imagin\u00e2nd totodat\u0103 diverse posibilit\u0103\u021bi de abordare pedagogic\u0103 interdisciplinar\u0103. Vizita ora\u0219ului Pompei &#8211; ora\u0219 inclus \u00een patrimoniul UNESCO &#8211; a reprezentat o real\u0103 c\u0103l\u0103torie \u00eenapoi \u00een timp; un ora\u0219 care ne-a desf\u0103tat cu ale sale picturi, sculpturi \u0219i mozaicuri. Astfel, cadrele didactice au participat la activit\u0103\u021bi specifice, schimbul de practici pedagogice dovedindu-se foarte util. Elevii participan\u021bi la mobilitatea din Italia au fost implica\u021bi \u00een urm\u0103toarele activit\u0103\u021bi: schimburi lingvistice, descoperirea patrimoniului arhitectural, a peisajului viticol \u0219i fotografierea acestuia,\u00a0asisten\u021be la cursurile elevilor italieni, dar \u0219i vizita unui muzeu de corali. Ei au \u00a0participat al\u0103turi de elevii francezi \u0219i italieni la activit\u0103\u021bi comune din cadrul proiectului. Printre acestea amintim: selec\u021bia termenilor pentru dic\u021bionarul cvadrilingv\u00a0<em>Vino Dico<\/em>, prezentarea fotografiilor peisajelor viticole \u0219i a descrierilor acestora \u0219i realizarea de etichete pentru sticle de vin\u201d, a declarat prof. Elena B\u0103rdi\u021b\u0103, de la \u0218coala Gimnazial\u0103 \u201dGheorghe Br\u0103tianu\u201d din Ia\u0219i. La finalul \u00eent\u00e2lnirii, profesorii coordonatori din cele trei \u021b\u0103ri participante au discutat despre temele ce urmeaz\u0103 a fi tratate anul viitor, respectiv <em>istoria<\/em><em>\u00a0<\/em>\u0219i<em>\u00a0<\/em><em>geografia,<\/em>\u00a0\u0219i modalit\u0103\u021bile de abordare a activit\u0103\u021bilor comune, c\u00e2t \u0219i a celor individuale.<\/p>\n","protected":false},"excerpt":{"rendered":"<p>Cinci cadre didactice \u015fi zece elevi de la \u0218coala Gimnazial\u0103 \u201dGheorghe Br\u0103tianu\u201d din Ia\u0219i au&#8230; <a class=\"meta-more\" href=\"https:\/\/infois.ro\/?p=23218\">more <span class=\"meta-nav\">&raquo;<\/span><\/a><\/p>\n","protected":false},"author":2,"featured_media":23219,"comment_status":"open","ping_status":"closed","sticky":false,"template":"","format":"standard","meta":{"footnotes":""},"categories":[12],"tags":[4900,40,3112,8173,8174],"aioseo_notices":[],"_links":{"self":[{"href":"https:\/\/infois.ro\/index.php?rest_route=\/wp\/v2\/posts\/23218"}],"collection":[{"href":"https:\/\/infois.ro\/index.php?rest_route=\/wp\/v2\/posts"}],"about":[{"href":"https:\/\/infois.ro\/index.php?rest_route=\/wp\/v2\/types\/post"}],"author":[{"embeddable":true,"href":"https:\/\/infois.ro\/index.php?rest_route=\/wp\/v2\/users\/2"}],"replies":[{"embeddable":true,"href":"https:\/\/infois.ro\/index.php?rest_route=%2Fwp%2Fv2%2Fcomments&post=23218"}],"version-history":[{"count":1,"href":"https:\/\/infois.ro\/index.php?rest_route=\/wp\/v2\/posts\/23218\/revisions"}],"predecessor-version":[{"id":23220,"href":"https:\/\/infois.ro\/index.php?rest_route=\/wp\/v2\/posts\/23218\/revisions\/23220"}],"wp:featuredmedia":[{"embeddable":true,"href":"https:\/\/infois.ro\/index.php?rest_route=\/wp\/v2\/media\/23219"}],"wp:attachment":[{"href":"https:\/\/infois.ro\/index.php?rest_route=%2Fwp%2Fv2%2Fmedia&parent=23218"}],"wp:term":[{"taxonomy":"category","embeddable":true,"href":"https:\/\/infois.ro\/index.php?rest_route=%2Fwp%2Fv2%2Fcategories&post=23218"},{"taxonomy":"post_tag","embeddable":true,"href":"https:\/\/infois.ro\/index.php?rest_route=%2Fwp%2Fv2%2Ftags&post=23218"}],"curies":[{"name":"wp","href":"https:\/\/api.w.org\/{rel}","templated":true}]}}