{"id":23440,"date":"2016-05-18T06:30:27","date_gmt":"2016-05-18T03:30:27","guid":{"rendered":"http:\/\/infois.ro\/?p=23440"},"modified":"2016-05-18T06:31:02","modified_gmt":"2016-05-18T03:31:02","slug":"manifestari-culturale-ale-turkmenistanului-la-iasi","status":"publish","type":"post","link":"https:\/\/infois.ro\/?p=23440","title":{"rendered":"Manifest\u0103ri culturale ale Turkmenistanului, la Ia\u0219i"},"content":{"rendered":"<p style=\"text-align: justify;\"><a href=\"http:\/\/infois.ro\/wp-content\/uploads\/2016\/05\/turkmenistan.jpg\"><img loading=\"lazy\" decoding=\"async\" class=\"alignleft  wp-image-23441\" src=\"http:\/\/infois.ro\/wp-content\/uploads\/2016\/05\/turkmenistan.jpg\" alt=\"turkmenistan\" width=\"228\" height=\"171\" srcset=\"https:\/\/infois.ro\/wp-content\/uploads\/2016\/05\/turkmenistan.jpg 640w, https:\/\/infois.ro\/wp-content\/uploads\/2016\/05\/turkmenistan-300x225.jpg 300w\" sizes=\"(max-width: 228px) 100vw, 228px\" \/><\/a><\/p>\n<p style=\"text-align: justify;\">Prefectul Marian Grigora\u0219 s-a \u00eent\u00e2lnit luni, 16 mai, la sediul Prefecturii cu E. S. Shohrat Jumayev, Ambasador al Republicii Turkmenistan \u00een Rom\u00e2nia. \u00cen cadrul \u00eent\u00e2lnirii, prefectul a prezentat poten\u021bialul economic \u0219i investi\u021bional al jude\u021bului Ia\u0219i, fiind reafirmat\u0103 deschiderea administra\u021biei jude\u021bene c\u0103tre dezvoltarea de proiecte pe diferite domenii cu partea turkmen\u0103. Totodat\u0103, a fost adus\u0103 \u00een discu\u021bie \u0219i importan\u021ba cooper\u0103rii culturale, E. S. Shohrat Jumayev prezent\u00e2nd proiectul \u201dZilele Culturale ale Turkmenistanului \u00een Rom\u00e2nia\u201d, care se va desf\u0103\u0219ura \u00een s\u0103pt\u0103m\u00e2na 23-28 mai 2016, la Bucure\u0219ti (23-25 mai) \u0219i Ia\u0219i (26-27 mai).<\/p>\n<p style=\"text-align: justify;\">\u00a0\u201d<em>Evenimentul va fi organizat de Ambasada Republicii Turkmenistan \u00een Rom\u00e2nia, \u00eempreun\u0103 cu Ministerul Culturii din Rom\u00e2nia. I-am asigurat pe reprezentan\u021bii Ambasadei de tot sprijinul pentru organizarea Spectacolului de Gal\u0103 \u2013 Zilele Culturale ale Turkmenistanului \u00een Rom\u00e2nia. Evenimentul va avea loc joi, 26 mai, de la ora 18, \u00een Sala Mare a Teatrului Na\u021bional Ia\u0219i<\/em>\u201d, a declarat prefectul jude\u021bului Ia\u0219i.<\/p>\n<p style=\"text-align: justify;\">Conform datelor de la Registrul Comer\u021bului, la nivelul jude\u021bului Ia\u0219i nu exist\u0103 nici o societate cu capital din Turkmenistan. \u00cen ceea ce prive\u0219te schimbrurile comerciale, Turkmenistanul nu s-a reg\u0103sit \u00een anul 2015 \u00eentre \u021b\u0103rile cu care jude\u0163ul Ia\u015fi a derulat opera\u0163iuni de import. Exporturile c\u0103tre Turkmenistan au totalizat \u00een aceea\u015fi perioad\u0103 a anului trecut aproape 850.000 euro.<\/p>\n","protected":false},"excerpt":{"rendered":"<p>Prefectul Marian Grigora\u0219 s-a \u00eent\u00e2lnit luni, 16 mai, la sediul Prefecturii cu E. S. Shohrat&#8230; <a class=\"meta-more\" href=\"https:\/\/infois.ro\/?p=23440\">more <span class=\"meta-nav\">&raquo;<\/span><\/a><\/p>\n","protected":false},"author":2,"featured_media":23441,"comment_status":"open","ping_status":"closed","sticky":false,"template":"","format":"standard","meta":{"footnotes":""},"categories":[1],"tags":[2987,40,3108,8209],"aioseo_notices":[],"_links":{"self":[{"href":"https:\/\/infois.ro\/index.php?rest_route=\/wp\/v2\/posts\/23440"}],"collection":[{"href":"https:\/\/infois.ro\/index.php?rest_route=\/wp\/v2\/posts"}],"about":[{"href":"https:\/\/infois.ro\/index.php?rest_route=\/wp\/v2\/types\/post"}],"author":[{"embeddable":true,"href":"https:\/\/infois.ro\/index.php?rest_route=\/wp\/v2\/users\/2"}],"replies":[{"embeddable":true,"href":"https:\/\/infois.ro\/index.php?rest_route=%2Fwp%2Fv2%2Fcomments&post=23440"}],"version-history":[{"count":1,"href":"https:\/\/infois.ro\/index.php?rest_route=\/wp\/v2\/posts\/23440\/revisions"}],"predecessor-version":[{"id":23442,"href":"https:\/\/infois.ro\/index.php?rest_route=\/wp\/v2\/posts\/23440\/revisions\/23442"}],"wp:featuredmedia":[{"embeddable":true,"href":"https:\/\/infois.ro\/index.php?rest_route=\/wp\/v2\/media\/23441"}],"wp:attachment":[{"href":"https:\/\/infois.ro\/index.php?rest_route=%2Fwp%2Fv2%2Fmedia&parent=23440"}],"wp:term":[{"taxonomy":"category","embeddable":true,"href":"https:\/\/infois.ro\/index.php?rest_route=%2Fwp%2Fv2%2Fcategories&post=23440"},{"taxonomy":"post_tag","embeddable":true,"href":"https:\/\/infois.ro\/index.php?rest_route=%2Fwp%2Fv2%2Ftags&post=23440"}],"curies":[{"name":"wp","href":"https:\/\/api.w.org\/{rel}","templated":true}]}}