{"id":23461,"date":"2016-05-18T11:45:27","date_gmt":"2016-05-18T08:45:27","guid":{"rendered":"http:\/\/infois.ro\/?p=23461"},"modified":"2016-05-18T11:45:27","modified_gmt":"2016-05-18T08:45:27","slug":"targ-antreprenorial-la-liceul-teoretic-vasile-alecsandri-din-iasi","status":"publish","type":"post","link":"https:\/\/infois.ro\/?p=23461","title":{"rendered":"T\u00e2rg Antreprenorial la Liceul Teoretic \u201dVasile Alecsandri\u201d din Ia\u0219i"},"content":{"rendered":"<p style=\"text-align: justify;\"><a href=\"http:\/\/infois.ro\/wp-content\/uploads\/2015\/05\/liceul-alecsandri.jpg\"><img loading=\"lazy\" decoding=\"async\" class=\"alignleft  wp-image-17796\" src=\"http:\/\/infois.ro\/wp-content\/uploads\/2015\/05\/liceul-alecsandri.jpg\" alt=\"liceul-alecsandri\" width=\"319\" height=\"152\" srcset=\"https:\/\/infois.ro\/wp-content\/uploads\/2015\/05\/liceul-alecsandri.jpg 600w, https:\/\/infois.ro\/wp-content\/uploads\/2015\/05\/liceul-alecsandri-300x143.jpg 300w\" sizes=\"(max-width: 319px) 100vw, 319px\" \/><\/a><\/p>\n<p style=\"text-align: justify;\">Liceul Teoretic \u201dVasile Alecsandri\u201d din Ia\u0219i, \u00een parteneriat cu Inspectoratul \u0218colar Jude\u021bean Ia\u0219i, Centrul de Resurse \u0219i Asisten\u021b\u0103 Educa\u021bional\u0103 Ia\u0219i \u0219i Funda\u021bia \u201dAl\u0103turi de Voi\u201d Rom\u00e2nia, organizeaz\u0103 cea de-a treia edi\u0163ie a \u201dT\u00e2rgului Antreprenorial\u201d. Evenimentul, care se va desf\u0103\u0219ura \u00a0joi, 19 mai, \u00eencep\u00e2nd cu ora 13.00, \u00een incinta Liceului Teoretic \u201dVasile Alecsandri\u201d, face parte din proiectul \u201dConstruim ora\u0219ul \u00een curtea \u0219colii\u201d, care sus\u021bine implicarea eficient\u0103 \u0219i efectiv\u0103 a mediului de afaceri, de la manageri la profesionis\u021bii din departamente, \u00een dezvoltarea competen\u0163elor antreprenoriale \u015fi de comunicare, a atitudinilor responsabile \u015fi \u00een stimularea ini\u0163iativei personale a elevilor din cadrul acestei institu\u021bii de \u00eenv\u0103\u021b\u0103m\u00e2nt. Timp de cinci s\u0103pt\u0103m\u00e2ni, 18 companii locale, na\u021bionale \u0219i interna\u021bionale din mai multe arii de activitate (IT, servicii educa\u0163ionale, medicale, turism, panifica\u0163ie, jurnalism, construc\u021bii etc) au fost \u201dp\u0103rin\u021bi comunitari\u201d pentru peste 300 de elevi din clasele IX \u2013 XI, sprijinindu-i s\u0103 \u00een\u021beleag\u0103 no\u021biuni de baz\u0103 referitoare la antreprenoriat \u0219i implic\u00e2ndu-i activ \u00een diferite activit\u0103\u021bi. Momentul culminant, a\u0219teptat de elevi \u0219i \u201dp\u0103rin\u021bii comunitari\u201d deopotriv\u0103, va fi organizarea \u0219i amenajarea unor standuri, personalizate cu elementele de identitate vizual\u0103 ale companiei-p\u0103rinte, \u00een cadrul T\u00e2rgului Antreprenorial. \u00cen final, juriul, format din reprezentan\u021bi ai partenerilor, va recompensa toate clasele pentru munca depus\u0103 \u0219i contribu\u0163ia la reu\u0219ita evenimentului. \u201dNe bucur\u0103m c\u0103 putem duce mai departe aceast\u0103 misiune pe care ne-am asumat-o \u00een urm\u0103 cu doi ani \u015fi c\u0103reia vrem s\u0103 \u00eei conferim tradi\u0163ie, anume formarea con\u015ftiin\u0163ei \u015fi conduitei antreprenoriale a elevilor no\u0219tri. Sper\u0103m, \u00een acest fel, s\u0103 \u00ee\u0219i dezvolte spiritul de ini\u021biativ\u0103,\u00a0 inovare, creativitatea \u0219i capacitatea de a face performan\u021b\u0103 \u00een medii economice specifice, s\u0103 fie mai bine preg\u0103ti\u021bi pentru a r\u0103spunde nevoilor tot mai mari de adaptabilitate pe pia\u021ba muncii\u201d, a declarat Manuela Co\u021bofan, directorul Liceului Teoretic \u201dVasile Alecsandri\u201d din Ia\u0219i.<\/p>\n<p style=\"text-align: justify;\">\n<p style=\"text-align: justify;\">\n","protected":false},"excerpt":{"rendered":"<p>Liceul Teoretic \u201dVasile Alecsandri\u201d din Ia\u0219i, \u00een parteneriat cu Inspectoratul \u0218colar Jude\u021bean Ia\u0219i, Centrul de&#8230; <a class=\"meta-more\" href=\"https:\/\/infois.ro\/?p=23461\">more <span class=\"meta-nav\">&raquo;<\/span><\/a><\/p>\n","protected":false},"author":2,"featured_media":17796,"comment_status":"open","ping_status":"closed","sticky":false,"template":"","format":"standard","meta":{"footnotes":""},"categories":[12,41],"tags":[74,89,40,3112,8214],"aioseo_notices":[],"_links":{"self":[{"href":"https:\/\/infois.ro\/index.php?rest_route=\/wp\/v2\/posts\/23461"}],"collection":[{"href":"https:\/\/infois.ro\/index.php?rest_route=\/wp\/v2\/posts"}],"about":[{"href":"https:\/\/infois.ro\/index.php?rest_route=\/wp\/v2\/types\/post"}],"author":[{"embeddable":true,"href":"https:\/\/infois.ro\/index.php?rest_route=\/wp\/v2\/users\/2"}],"replies":[{"embeddable":true,"href":"https:\/\/infois.ro\/index.php?rest_route=%2Fwp%2Fv2%2Fcomments&post=23461"}],"version-history":[{"count":1,"href":"https:\/\/infois.ro\/index.php?rest_route=\/wp\/v2\/posts\/23461\/revisions"}],"predecessor-version":[{"id":23462,"href":"https:\/\/infois.ro\/index.php?rest_route=\/wp\/v2\/posts\/23461\/revisions\/23462"}],"wp:featuredmedia":[{"embeddable":true,"href":"https:\/\/infois.ro\/index.php?rest_route=\/wp\/v2\/media\/17796"}],"wp:attachment":[{"href":"https:\/\/infois.ro\/index.php?rest_route=%2Fwp%2Fv2%2Fmedia&parent=23461"}],"wp:term":[{"taxonomy":"category","embeddable":true,"href":"https:\/\/infois.ro\/index.php?rest_route=%2Fwp%2Fv2%2Fcategories&post=23461"},{"taxonomy":"post_tag","embeddable":true,"href":"https:\/\/infois.ro\/index.php?rest_route=%2Fwp%2Fv2%2Ftags&post=23461"}],"curies":[{"name":"wp","href":"https:\/\/api.w.org\/{rel}","templated":true}]}}