{"id":23581,"date":"2016-05-25T10:52:20","date_gmt":"2016-05-25T07:52:20","guid":{"rendered":"http:\/\/infois.ro\/?p=23581"},"modified":"2016-05-25T10:52:20","modified_gmt":"2016-05-25T07:52:20","slug":"725-de-noi-locuri-de-parcare-amenajate-in-acest-an-de-primarie","status":"publish","type":"post","link":"https:\/\/infois.ro\/?p=23581","title":{"rendered":"725 de noi locuri de parcare, amenajate \u00een acest an de Prim\u0103rie"},"content":{"rendered":"<p style=\"text-align: justify;\"><a href=\"http:\/\/infois.ro\/wp-content\/uploads\/2016\/05\/parcare.jpg\"><img loading=\"lazy\" decoding=\"async\" class=\"alignleft  wp-image-23582\" src=\"http:\/\/infois.ro\/wp-content\/uploads\/2016\/05\/parcare.jpg\" alt=\"parcare\" width=\"314\" height=\"176\" srcset=\"https:\/\/infois.ro\/wp-content\/uploads\/2016\/05\/parcare.jpg 640w, https:\/\/infois.ro\/wp-content\/uploads\/2016\/05\/parcare-300x168.jpg 300w\" sizes=\"(max-width: 314px) 100vw, 314px\" \/><\/a><\/p>\n<p style=\"text-align: justify;\">Municipalitatea ie\u0219ean\u0103 a continuat \u0219i \u00een acest an amenajarea de noi locuri de parcare \u00een ora\u0219, de la \u00eenceputul lunii ianuarie \u0219i p\u00e2n\u0103 \u00een prezent fiind date \u00een folosin\u021b\u0103 nu mai pu\u021bin de 725 de astfel de obiective, cu o suprafa\u021b\u0103 total\u0103 de 10.414 metri p\u0103tra\u021bi. Dup\u0103 cum a declarat primarul interimar Mihai Chirica, noi locuri de parcare au fost amenajate \u00een acest an pe stradela Canta, Bulevardul Independen\u021bei, str. Str\u0103mo\u0219ilor, str. Mitropolit Varlaam, Bulevardul Alexandru cel Bun, str. Plantelor, Bulevardul Chimiei \u0219i str. P\u0103curari. \u201dToate aceste noi locuri de parcare urmeaz\u0103 s\u0103 fie scoase la licita\u021bie, \u00een vederea \u00eenchirierii lor c\u0103tre locatari. Cele mai multe locuri de acest fel se afl\u0103 situate \u00een cartiere\u201d, a declarat, luni, \u00eentr-o conferin\u021b\u0103 de pres\u0103, primarul interimar Mihai Chirica. Potrivit edilului, anul trecut, municipalitatea ie\u0219ean\u0103 a dat amenajat 1.250 de locuri de parcare, care au fost, ulterior, date spre \u00eenchiriere locatarilor din blocurile unde acestea au fost construite. \u201dBanii colecta\u021bi din \u00eenchirierea acestora sunt folosi\u021bi de Prim\u0103rie exclusiv pentru modernizarea \u0219i construc\u021bia de noi locuri de parcare \u00een ora\u0219\u201d, a mai spus \u0219eful municipalit\u0103\u021bii ie\u0219ene.<\/p>\n","protected":false},"excerpt":{"rendered":"<p>Municipalitatea ie\u0219ean\u0103 a continuat \u0219i \u00een acest an amenajarea de noi locuri de parcare \u00een&#8230; <a class=\"meta-more\" href=\"https:\/\/infois.ro\/?p=23581\">more <span class=\"meta-nav\">&raquo;<\/span><\/a><\/p>\n","protected":false},"author":2,"featured_media":23582,"comment_status":"open","ping_status":"closed","sticky":false,"template":"","format":"standard","meta":{"footnotes":""},"categories":[1,41],"tags":[74,40,846,1671],"aioseo_notices":[],"_links":{"self":[{"href":"https:\/\/infois.ro\/index.php?rest_route=\/wp\/v2\/posts\/23581"}],"collection":[{"href":"https:\/\/infois.ro\/index.php?rest_route=\/wp\/v2\/posts"}],"about":[{"href":"https:\/\/infois.ro\/index.php?rest_route=\/wp\/v2\/types\/post"}],"author":[{"embeddable":true,"href":"https:\/\/infois.ro\/index.php?rest_route=\/wp\/v2\/users\/2"}],"replies":[{"embeddable":true,"href":"https:\/\/infois.ro\/index.php?rest_route=%2Fwp%2Fv2%2Fcomments&post=23581"}],"version-history":[{"count":1,"href":"https:\/\/infois.ro\/index.php?rest_route=\/wp\/v2\/posts\/23581\/revisions"}],"predecessor-version":[{"id":23583,"href":"https:\/\/infois.ro\/index.php?rest_route=\/wp\/v2\/posts\/23581\/revisions\/23583"}],"wp:featuredmedia":[{"embeddable":true,"href":"https:\/\/infois.ro\/index.php?rest_route=\/wp\/v2\/media\/23582"}],"wp:attachment":[{"href":"https:\/\/infois.ro\/index.php?rest_route=%2Fwp%2Fv2%2Fmedia&parent=23581"}],"wp:term":[{"taxonomy":"category","embeddable":true,"href":"https:\/\/infois.ro\/index.php?rest_route=%2Fwp%2Fv2%2Fcategories&post=23581"},{"taxonomy":"post_tag","embeddable":true,"href":"https:\/\/infois.ro\/index.php?rest_route=%2Fwp%2Fv2%2Ftags&post=23581"}],"curies":[{"name":"wp","href":"https:\/\/api.w.org\/{rel}","templated":true}]}}