{"id":23658,"date":"2016-05-28T09:40:49","date_gmt":"2016-05-28T06:40:49","guid":{"rendered":"http:\/\/infois.ro\/?p=23658"},"modified":"2016-05-30T09:43:42","modified_gmt":"2016-05-30T06:43:42","slug":"administratia-locala-isi-doreste-o-prezenta-germana-cat-mai-activa-la-iasi-in-domeniul-cultural-si-in-cel-investitional","status":"publish","type":"post","link":"https:\/\/infois.ro\/?p=23658","title":{"rendered":"Administra\u0163ia local\u0103 \u00ee\u015fi dore\u015fte o prezen\u021b\u0103 german\u0103 c\u00e2t mai activ\u0103 la Ia\u0219i \u00een domeniul cultural \u0219i \u00een cel investi\u021bional"},"content":{"rendered":"<p style=\"text-align: justify;\"><a href=\"http:\/\/infois.ro\/wp-content\/uploads\/2016\/05\/ambasadorul-Germaniei.jpg\"><img loading=\"lazy\" decoding=\"async\" class=\"alignleft  wp-image-23659\" src=\"http:\/\/infois.ro\/wp-content\/uploads\/2016\/05\/ambasadorul-Germaniei.jpg\" alt=\"ambasadorul Germaniei\" width=\"345\" height=\"341\" srcset=\"https:\/\/infois.ro\/wp-content\/uploads\/2016\/05\/ambasadorul-Germaniei.jpg 640w, https:\/\/infois.ro\/wp-content\/uploads\/2016\/05\/ambasadorul-Germaniei-300x296.jpg 300w, https:\/\/infois.ro\/wp-content\/uploads\/2016\/05\/ambasadorul-Germaniei-80x80.jpg 80w, https:\/\/infois.ro\/wp-content\/uploads\/2016\/05\/ambasadorul-Germaniei-100x100.jpg 100w\" sizes=\"(max-width: 345px) 100vw, 345px\" \/><\/a><\/p>\n<p style=\"text-align: justify;\">Excelen\u021ba Sa Werner Hans Lauk, ambasadorul Republicii Federale Germania la Bucure\u0219ti a avut vineri, 27 mai, la sediul Prim\u0103riei Municipiului Ia\u0219i, o \u00eentrevedere cu primarul interimar Mihai Chirica. Al\u0103turi de E.S. Werner Hans Lauk, la \u00eentrevedere a participat \u0219i Alexander Rubel, director al \u201dGoethe Zentrum\u201d Ia\u015fi. Potrivit Biroului de pres\u0103 al Prim\u0103riei, printre subiectele de interes abordate \u00een cadrul \u00eent\u00e2lnirii de la Palatul Roznovanu s-au num\u0103rat cooper\u0103rile existente \u00eentre municipiul Ia\u0219i \u0219i Germania, situa\u021bia derul\u0103rii unor proiecte importante care s\u0103 aib\u0103 un impact c\u00e2t mai mare asupra comunit\u0103\u021bii ie\u0219ene, dar \u0219i a etnicilor germani. Printre temele de discu\u021bii s-au aflat, de asemenea, cele privind infrastructura de acces c\u0103tre \u0219i dinspre Ia\u0219i, colaborarea din ce \u00een ce mai str\u00e2ns\u0103 cu firmele \u0219i companiile germane aflate deja \u00een Ia\u0219i, cooperarea dintre universit\u0103\u021bile ie\u0219ene \u201eAl. I. Cuza\u201d \u0219i \u201eGh. Asachi\u201d cu universit\u0103\u021bile germane din Konstanz \u0219i Freiburg. Un punct foarte important \u00een discu\u021bie a fost proiectul viitorului Centru Cultural European, ce urmeaz\u0103 a fi amplasat \u00een Palatul Braunstein, dup\u0103 reabilitarea acestuia pe fonduri europene. La r\u00e2ndul s\u0103u, edilul-\u0219ef al Ia\u0219ului a men\u021bionat bunele rela\u021bii de cooperare cu compania german\u0103 \u201dContinental\u201d, care \u00ee\u0219i desf\u0103\u0219oar\u0103 o mare parte din activitate \u00een spa\u021biile Municipalit\u0103\u021bii (Centrul Tehnologic Regional \u0219i Tehnopolis), a prezentat stadiul proiectului de realizare a Centrului Cultural European &#8211; acesta se afl\u0103 deja \u00een faza de reproiectare pentru noile func\u021bionalit\u0103\u021bi, urm\u00e2nd a fi depus spre axa de finan\u021bare 5.1. din POR imediat ce va fi deschis\u0103 linia de finan\u021bare. Pe aceea\u0219i line vor fi depuse \u0219i alte dou\u0103 proiecte importante: Centrul de Crea\u021bie Contemporan\u0103 (Baia Turceasc\u0103) \u0219i Muzeul de \u0218tiin\u021be Naturale. Mihai Chirica a prezentat \u0219i influen\u021ba pozitiv\u0103 a culturii \u0219i limbii germane \u00een comunitatea ie\u0219ean\u0103, \u00een special \u00een domeniul tehnic, precum \u0219i necesitatea cre\u0219terii num\u0103rului de ore de studii \u00een cadrul programelor \u0219colare. Acest lucru a reie\u0219it \u0219i din consult\u0103rile pe care municipalitatea le-a avut cu numeroase firme mari prezente la Ia\u0219i (in special cu profil IT), vorbind chiar de un program de \u00eenv\u0103\u021bare pe scar\u0103 larg\u0103 a limbii germane, inclusiv cu sus\u021binere public\u0103. E.S. Werner Hans Lauk a afirmat c\u0103 sus\u021bine aceast\u0103 idee \u0219i a precizat c\u0103 inten\u021bioneaz\u0103 s\u0103 o prezinte \u0219i ministrului Educa\u021biei Na\u021bionale, Adrian Curaj, la \u00eentrevederea pe care o vor avea s\u0103pt\u0103m\u00e2na viitoare, al\u0103turi de propunerile legate de \u00eenv\u0103\u021b\u0103m\u00e2ntul dual, profesional. Exist\u0103 deja astfel de modele de bune practici la Timi\u0219oara \u0219i Sibiu, iar E.S. Werner Hans Lauk ar dori extinderea lor la nivelul \u00eentregii \u021b\u0103ri. \u201dI-am subliniat Excelen\u021bei Sale c\u0103 at\u00e2t comunitatea ie\u0219ean\u0103, c\u00e2t \u0219i administra\u021bia local\u0103 \u00ee\u0219i doresc o prezen\u021b\u0103 german\u0103 c\u00e2t mai activ\u0103 la Ia\u0219i, at\u00e2t \u00een plan cultural c\u00e2t \u0219i \u00een ceea ce prive\u0219te mediul de afaceri, Ia\u0219ul fiind cea mai important\u0103 poart\u0103 a Uniunii Europene c\u0103tre Republica Moldova \u0219i zona Cern\u0103u\u021bi din Ucraina. Suntem o comunitate deschis\u0103 \u0219i am demonstrat c\u0103 Ia\u0219ul poate deveni un ora\u0219 unde valen\u021bele europene sunt la ele acas\u0103\u201d, a conchis primarul interimar Mihai Chirica.<\/p>\n<p style=\"text-align: justify;\"><strong>\u00a0<\/strong><\/p>\n","protected":false},"excerpt":{"rendered":"<p>Excelen\u021ba Sa Werner Hans Lauk, ambasadorul Republicii Federale Germania la Bucure\u0219ti a avut vineri, 27&#8230; <a class=\"meta-more\" href=\"https:\/\/infois.ro\/?p=23658\">more <span class=\"meta-nav\">&raquo;<\/span><\/a><\/p>\n","protected":false},"author":2,"featured_media":23659,"comment_status":"open","ping_status":"closed","sticky":false,"template":"","format":"standard","meta":{"footnotes":""},"categories":[1,41],"tags":[74,2987,395,40,8257],"aioseo_notices":[],"_links":{"self":[{"href":"https:\/\/infois.ro\/index.php?rest_route=\/wp\/v2\/posts\/23658"}],"collection":[{"href":"https:\/\/infois.ro\/index.php?rest_route=\/wp\/v2\/posts"}],"about":[{"href":"https:\/\/infois.ro\/index.php?rest_route=\/wp\/v2\/types\/post"}],"author":[{"embeddable":true,"href":"https:\/\/infois.ro\/index.php?rest_route=\/wp\/v2\/users\/2"}],"replies":[{"embeddable":true,"href":"https:\/\/infois.ro\/index.php?rest_route=%2Fwp%2Fv2%2Fcomments&post=23658"}],"version-history":[{"count":1,"href":"https:\/\/infois.ro\/index.php?rest_route=\/wp\/v2\/posts\/23658\/revisions"}],"predecessor-version":[{"id":23660,"href":"https:\/\/infois.ro\/index.php?rest_route=\/wp\/v2\/posts\/23658\/revisions\/23660"}],"wp:featuredmedia":[{"embeddable":true,"href":"https:\/\/infois.ro\/index.php?rest_route=\/wp\/v2\/media\/23659"}],"wp:attachment":[{"href":"https:\/\/infois.ro\/index.php?rest_route=%2Fwp%2Fv2%2Fmedia&parent=23658"}],"wp:term":[{"taxonomy":"category","embeddable":true,"href":"https:\/\/infois.ro\/index.php?rest_route=%2Fwp%2Fv2%2Fcategories&post=23658"},{"taxonomy":"post_tag","embeddable":true,"href":"https:\/\/infois.ro\/index.php?rest_route=%2Fwp%2Fv2%2Ftags&post=23658"}],"curies":[{"name":"wp","href":"https:\/\/api.w.org\/{rel}","templated":true}]}}