{"id":23718,"date":"2016-06-02T09:04:21","date_gmt":"2016-06-02T06:04:21","guid":{"rendered":"http:\/\/infois.ro\/?p=23718"},"modified":"2016-06-02T09:04:21","modified_gmt":"2016-06-02T06:04:21","slug":"program-de-management-al-furiei-pentru-copiii-din-centrele-rezidentiale-din-judetul-iasi-initiat-de-asociatia-alternative-sociale","status":"publish","type":"post","link":"https:\/\/infois.ro\/?p=23718","title":{"rendered":"Program de management al furiei pentru copiii din centrele reziden\u021biale din jude\u021bul Ia\u0219i, ini\u021biat de Asocia\u021bia Alternative Sociale"},"content":{"rendered":"<p style=\"text-align: justify;\"><a href=\"http:\/\/infois.ro\/wp-content\/uploads\/2016\/06\/managementul-furiei.jpg\"><img loading=\"lazy\" decoding=\"async\" class=\"alignleft  wp-image-23719\" src=\"http:\/\/infois.ro\/wp-content\/uploads\/2016\/06\/managementul-furiei.jpg\" alt=\"managementul furiei\" width=\"368\" height=\"245\" srcset=\"https:\/\/infois.ro\/wp-content\/uploads\/2016\/06\/managementul-furiei.jpg 640w, https:\/\/infois.ro\/wp-content\/uploads\/2016\/06\/managementul-furiei-300x199.jpg 300w\" sizes=\"(max-width: 368px) 100vw, 368px\" \/><\/a><\/p>\n<p style=\"text-align: justify;\">Asocia\u021bia Alternative Sociale, \u00een parteneriat cu Direc\u021bia General\u0103 de Asisten\u021b\u0103 Social\u0103 \u0219i Protec\u021bia Copilului Ia\u0219i \u0219i Universitatea \u201dAlexandru Ioan Cuza\u201ddin Ia\u0219i, au organizat la sf\u00e2r\u0219itul s\u0103pt\u0103m\u00e2nii trecute conferin\u021ba de lansare a proiectului \u201dCopiii din centrele reziden\u021biale: de la risc la oportunit\u0103\u021bi sociale\u201d. Peste 60 de studen\u021bi prezen\u021bi la eveniment au avut ocazia s\u0103 \u00eent\u00e2lneasc\u0103 profesioni\u0219ti\/speciali\u0219ti din centrele reziden\u021biale pentru copii ale Direc\u021biei Generale de Asisten\u021b\u0103 Social\u0103 \u0219i Protec\u021bia Copilului Ia\u0219i de la care au aflat despre experien\u021bele profesionale \u0219i au primit r\u0103spunsuri la \u00eentreb\u0103rile pe care le aveau. \u201dA fost o \u00eent\u00e2lnire foarte interesant\u0103, \u00een ideea c\u0103 s-au abordat ni\u0219te teme de o importan\u021b\u0103 major\u0103, pentru noi ca studen\u021bi \u0219i pentru noi ca viitori absolven\u021bi ai acestei facult\u0103\u021bi de asisten\u021b\u0103 social\u0103. Mi-au pl\u0103cut prezent\u0103rile speciali\u0219tilor \u0219i faptul c\u0103 am avut \u00een fa\u021b\u0103 persoane care au \u00eentr-adev\u0103r de-a face cu sistemul de asisten\u021b\u0103 social\u0103, care chiar coordoneaz\u0103 anumite Centre de Zi \u0219i de la care am aflat informa\u021bii de care avem nevoie\u201d, a spus un student \u00een anul II, Asisten\u021b\u0103 Social\u0103, UAIC. Copiii din centrele reziden\u021biale sunt considera\u0163i a fi un grup \u00een risc deoarece majoritatea prezint\u0103 probleme de s\u0103n\u0103tate mintal\u0103 cauzate de mediul familial din care au fost sco\u015fi: tulbur\u0103ri de ata\u015fament, de conduit\u0103, substimulare cognitiv\u0103 \u015fi de limbaj (Minnis et. al., 2006). Literatura de specialitate men\u021bioneaz\u0103 \u0219i consecin\u021be asociate cu m\u0103sura de plasament \u00een cadrul unor centre: rezultate \u015fcolare sc\u0103zute \u015fi probleme de adaptare la nivel personal \u0219i social (Manso et. al., 2011) \u0219i risc de dezvoltare a unor comportamente delincvente de 2,5 ori mai mare dec\u00e2t \u00een cazul copiilor plasa\u021bi \u00een asisten\u021b\u0103 maternal\u0103 (Reid &amp; Barth,2000; Ryan et al., 2008). \u201dAceste rezultate au stat la baza proiectului \u201eCopiii din centrele reziden\u021biale: de la risc la oportunit\u0103\u021bi prosociale\u201d prin care Alternative Sociale \u0219i Direc\u021bia General\u0103 de Asisten\u021b\u0103 Social\u0103 \u0219i Protec\u021bia Copilului Ia\u0219i \u0219i-au propus, pe de o parte, s\u0103 formeze personalul centrelor reziden\u021biale ale DGASPC Ia\u0219i (educatori \u0219i asisten\u021bi sociali) printr-un program de formare \u0219i mentorat \u0219i pe de alt\u0103 parte cu copiii cu comportamente ,,problem\u0103\u201d din centrele respective cu v\u00e2rste cuprinse \u00eentre 10 \u015fi 18 ani \u00een cadrul unui program de grup viz\u00e2nd managementul furiei \u0219i dezvoltarea de comportamente prosociale\u201d, a spus Liliana Foca, coordonator proiect. Astfel, 164 de asisten\u021bi sociali \u0219i educatori, angaja\u021bi ai DGASPC Ia\u0219i, vor participa la un program de formare pe baza unui program de lucru cu copii cu comportamente antisociale din centre reziden\u021biale pe tema \u201emanagementul furiei \u0219i dezvoltarea comportamentelor prosociale\u201d structurat pe dou\u0103 categorii de v\u00e2rste: 10-13\/14-18 ani. \u201dDirec\u021bia de Asisten\u021b\u0103 Social\u0103 \u0219i Protec\u021bia Copilului Ia\u0219i a dezvoltat anumite servicii destinate acestei categorii de copii, avem un centru de plasament pentru copii care s\u0103v\u00e2r\u0219esc fapte penale \u0219i nu r\u0103spund penal\u00a0 \u0219i de asemenea un centru de zi pentru copii. Lucr\u0103m \u0219i pe partea de prevenire \u0219i pe partea de interven\u021bie \u0219i nu lucr\u0103m doar cu copilul ci \u0219i cu familia. \u00cen ceea ce prive\u0219te necesitatea \u0219i utilitatea unui program de management al furiei, este tocmai ca urmare a unei nevoi identificate de noi, dar \u0219i de Asocia\u021bia Alternative Sociale, asocia\u021bie care are o vast\u0103 experien\u021b\u0103 \u00een lucrul cu copilul cu tulbur\u0103ri de comportament. \u00cemi amintesc c\u0103 tot Asocia\u021bia Alternative Sociale a realizat formarea personalului care lucreaz\u0103 acum \u00een serviciul specializat pentru copilul cu comportament delicvent sau predelicvent. \u00cen momentul acesta, mi se pare vital un astfel de curs al unui asemenea proiect \u201d<em>,<\/em> a spus Elena Filiche, reprezentant DGASPC Ia\u0219i. 160 de copii cu v\u00e2rste cuprinse \u00eentre 10 \u0219i 18 ani din zece centre reziden\u021biale ale DGAPSC Ia\u0219i, identifica\u021bi ca manifest\u00e2nd comportamente delincvente, vor participa la programul de management al furiei \u0219i dezvoltarea comportamentelor prosociale structurat pe 12 \u0219edin\u021be care vor include teme ca: definirea \u0219i \u00een\u021belegerea comportamentelor antisociale, recunoa\u0219terea tiparului de g\u00e2ndire de tip antisocial, \u00eenv\u0103\u021barea autocontrolului \u0219i alternative prosociale de r\u0103spuns la nivel verbal \u0219i comportamental. 20 de copii care au urmat programul de management al furiei \u0219i dezvoltare de comportamente prosociale, \u00eempreun\u0103 cu voluntarii Alternative Sociale, vor merge \u00een vizit\u0103 \u00eentr-un c\u0103min de b\u0103tr\u00e2ni din Ia\u0219i unde vor petrece timp cu v\u00e2rstnicii. Aceast\u0103 activitate \u00eei va ajuta pe copii s\u0103 exerseze empatia fa\u021b\u0103 de membrii comunit\u0103\u021bii din care provin \u0219i, \u00een acela\u0219i timp, s\u0103 \u00eenve\u021be din experien\u021bele de via\u021b\u0103 ale v\u00e2rstnicilor. Proiectul este co-finan\u021bat printr-un grant din partea Elve\u021biei prin intermediul Contribu\u021biei Elve\u021biene pentru Uniunea European\u0103 extins\u0103. Bugetul proiectului este de 74,905.53 CHF.<\/p>\n","protected":false},"excerpt":{"rendered":"<p>Asocia\u021bia Alternative Sociale, \u00een parteneriat cu Direc\u021bia General\u0103 de Asisten\u021b\u0103 Social\u0103 \u0219i Protec\u021bia Copilului Ia\u0219i&#8230; <a class=\"meta-more\" href=\"https:\/\/infois.ro\/?p=23718\">more <span class=\"meta-nav\">&raquo;<\/span><\/a><\/p>\n","protected":false},"author":2,"featured_media":23719,"comment_status":"open","ping_status":"closed","sticky":false,"template":"","format":"standard","meta":{"footnotes":""},"categories":[32],"tags":[395,40,8274,8273,3112],"aioseo_notices":[],"_links":{"self":[{"href":"https:\/\/infois.ro\/index.php?rest_route=\/wp\/v2\/posts\/23718"}],"collection":[{"href":"https:\/\/infois.ro\/index.php?rest_route=\/wp\/v2\/posts"}],"about":[{"href":"https:\/\/infois.ro\/index.php?rest_route=\/wp\/v2\/types\/post"}],"author":[{"embeddable":true,"href":"https:\/\/infois.ro\/index.php?rest_route=\/wp\/v2\/users\/2"}],"replies":[{"embeddable":true,"href":"https:\/\/infois.ro\/index.php?rest_route=%2Fwp%2Fv2%2Fcomments&post=23718"}],"version-history":[{"count":1,"href":"https:\/\/infois.ro\/index.php?rest_route=\/wp\/v2\/posts\/23718\/revisions"}],"predecessor-version":[{"id":23720,"href":"https:\/\/infois.ro\/index.php?rest_route=\/wp\/v2\/posts\/23718\/revisions\/23720"}],"wp:featuredmedia":[{"embeddable":true,"href":"https:\/\/infois.ro\/index.php?rest_route=\/wp\/v2\/media\/23719"}],"wp:attachment":[{"href":"https:\/\/infois.ro\/index.php?rest_route=%2Fwp%2Fv2%2Fmedia&parent=23718"}],"wp:term":[{"taxonomy":"category","embeddable":true,"href":"https:\/\/infois.ro\/index.php?rest_route=%2Fwp%2Fv2%2Fcategories&post=23718"},{"taxonomy":"post_tag","embeddable":true,"href":"https:\/\/infois.ro\/index.php?rest_route=%2Fwp%2Fv2%2Ftags&post=23718"}],"curies":[{"name":"wp","href":"https:\/\/api.w.org\/{rel}","templated":true}]}}