{"id":23887,"date":"2016-06-10T09:21:46","date_gmt":"2016-06-10T06:21:46","guid":{"rendered":"http:\/\/infois.ro\/?p=23887"},"modified":"2016-06-10T09:21:46","modified_gmt":"2016-06-10T06:21:46","slug":"cei-patru-membri-ai-echipajului-smurd-prabusit-in-republica-moldova-vor-primi-titlul-de-cetatean-de-onoare-al-municipiului-iasi","status":"publish","type":"post","link":"https:\/\/infois.ro\/?p=23887","title":{"rendered":"Cei patru membri ai echipajului SMURD pr\u0103bu\u0219it \u00een Republica Moldova vor primi titlul de \u201dCet\u0103\u021bean de onoare al municipiului Ia\u0219i\u201d"},"content":{"rendered":"<p style=\"text-align: justify;\"><a href=\"http:\/\/infois.ro\/wp-content\/uploads\/2016\/06\/eroi-smurd.jpg\"><img loading=\"lazy\" decoding=\"async\" class=\"alignleft  wp-image-23888\" src=\"http:\/\/infois.ro\/wp-content\/uploads\/2016\/06\/eroi-smurd.jpg\" alt=\"eroi smurd\" width=\"343\" height=\"242\" srcset=\"https:\/\/infois.ro\/wp-content\/uploads\/2016\/06\/eroi-smurd.jpg 640w, https:\/\/infois.ro\/wp-content\/uploads\/2016\/06\/eroi-smurd-300x211.jpg 300w\" sizes=\"(max-width: 343px) 100vw, 343px\" \/><\/a><\/p>\n<p style=\"text-align: justify;\">Prefectul Marian Grigora\u0219 a propus acordarea titlului de \u201dCet\u0103\u021bean de onoare al municipiului Ia\u015fi\u201d pentru fiecare dintre cei patru salvatori care au decedat \u00een accidentul elicopterului SMURD, produs s\u0103pt\u0103m\u00e2na trecut\u0103 \u00een Republica Moldova. Anun\u021bul a fost f\u0103cut joi, cu ocazia ceremonialului militar \u0219i religios organizat la Cimitirul Eternitatea cu ocazia \u201dZilei Eroilor Rom\u00e2ni\u201d. \u201d\u00cent\u00e2lnim eroi \u0219i \u00een zilele noastre, iar ultima dovad\u0103 am avut-o, din p\u0103cate, chiar s\u0103pt\u0103m\u00e2na trecut\u0103. Cei care \u0219i-au dedicat via\u021ba salv\u0103rii oamenilor au pierit \u00een misiune, \u00een \u00eencercarea de a-\u0219i ajuta semenii. Accidentul elicopterului SMURD a transformat patru suflete minunate \u00een adev\u0103ra\u021bi eroi ai zilelor noastre. Vor r\u0103m\u00e2ne pentru totdeauna \u00een inimile celor pe care i-au salvat, dar \u0219i ale noastre, ale tuturor celor care le-am fost contemporani. Se dovede\u0219te \u00eenc\u0103 o dat\u0103 c\u0103 to\u021bi cei care lucreaz\u0103 \u00een domeniul situa\u021biilor de urgen\u021b\u0103 renun\u021b\u0103 la securitatea propriei vie\u021bi pentru a avea grij\u0103 ca noi to\u021bi s\u0103 avem o \u0219ans\u0103 \u00een plus la supravie\u021buire. Sunt tot timpul la datorie, gata s\u0103 vin\u0103 \u00een ajutorul celor afla\u021bi \u00een nevoie. Din punctul meu de vedere, to\u021bi sunt eroi \u0219i merit\u0103 recuno\u0219tin\u021ba noastr\u0103. De aceea, voi propune noului Consiliu Local s\u0103 analizeze posibilitatea de a-i declara cet\u0103\u021beni de onoare ai municipiului pe to\u021bi cei patru salvatori, chiar dac\u0103 nu to\u021bi sunt din Ia\u0219i. Au lucrat la Ia\u0219i \u0219i au salvat sute de persoane din \u021bar\u0103 \u0219i de peste Prut \u0219i au pierit la datorie, \u00een drum spre a salva o alt\u0103 via\u021b\u0103\u201d, a spus prefectul jude\u021bului Ia\u0219i. Medicul Mihaela DUMEA, asistentul medical Gabriel SANDU, comandorul Doru GAVRIL \u0219i c\u0103pitan-comandorul Voicu \u0218OCAE \u0219i-au pierdut via\u021ba pe data de 2 iunie, \u00een timpul unei misiuni de salvare. Elicopterul SMURD \u00een care se aflau cei patru s-a pr\u0103bu\u0219it pe raza raionului Cantemir din Republica Moldova.<\/p>\n","protected":false},"excerpt":{"rendered":"<p>Prefectul Marian Grigora\u0219 a propus acordarea titlului de \u201dCet\u0103\u021bean de onoare al municipiului Ia\u015fi\u201d pentru&#8230; <a class=\"meta-more\" href=\"https:\/\/infois.ro\/?p=23887\">more <span class=\"meta-nav\">&raquo;<\/span><\/a><\/p>\n","protected":false},"author":2,"featured_media":23888,"comment_status":"open","ping_status":"closed","sticky":false,"template":"","format":"standard","meta":{"footnotes":""},"categories":[1,41],"tags":[74,3260,8300,40,8301,816],"aioseo_notices":[],"_links":{"self":[{"href":"https:\/\/infois.ro\/index.php?rest_route=\/wp\/v2\/posts\/23887"}],"collection":[{"href":"https:\/\/infois.ro\/index.php?rest_route=\/wp\/v2\/posts"}],"about":[{"href":"https:\/\/infois.ro\/index.php?rest_route=\/wp\/v2\/types\/post"}],"author":[{"embeddable":true,"href":"https:\/\/infois.ro\/index.php?rest_route=\/wp\/v2\/users\/2"}],"replies":[{"embeddable":true,"href":"https:\/\/infois.ro\/index.php?rest_route=%2Fwp%2Fv2%2Fcomments&post=23887"}],"version-history":[{"count":1,"href":"https:\/\/infois.ro\/index.php?rest_route=\/wp\/v2\/posts\/23887\/revisions"}],"predecessor-version":[{"id":23889,"href":"https:\/\/infois.ro\/index.php?rest_route=\/wp\/v2\/posts\/23887\/revisions\/23889"}],"wp:featuredmedia":[{"embeddable":true,"href":"https:\/\/infois.ro\/index.php?rest_route=\/wp\/v2\/media\/23888"}],"wp:attachment":[{"href":"https:\/\/infois.ro\/index.php?rest_route=%2Fwp%2Fv2%2Fmedia&parent=23887"}],"wp:term":[{"taxonomy":"category","embeddable":true,"href":"https:\/\/infois.ro\/index.php?rest_route=%2Fwp%2Fv2%2Fcategories&post=23887"},{"taxonomy":"post_tag","embeddable":true,"href":"https:\/\/infois.ro\/index.php?rest_route=%2Fwp%2Fv2%2Ftags&post=23887"}],"curies":[{"name":"wp","href":"https:\/\/api.w.org\/{rel}","templated":true}]}}