{"id":24036,"date":"2016-06-22T15:00:46","date_gmt":"2016-06-22T12:00:46","guid":{"rendered":"http:\/\/infois.ro\/?p=24036"},"modified":"2016-06-22T15:00:46","modified_gmt":"2016-06-22T12:00:46","slug":"primaria-va-prelua-in-proprietate-imobilul-in-care-si-desfasoara-activitatea-centrul-cultural-francez","status":"publish","type":"post","link":"https:\/\/infois.ro\/?p=24036","title":{"rendered":"Prim\u0103ria va prelua \u00een proprietate imobilul \u00een care-\u0219i desf\u0103\u0219oar\u0103 activitatea Centrul Cultural Francez"},"content":{"rendered":"<p style=\"text-align: justify;\"><a href=\"http:\/\/infois.ro\/wp-content\/uploads\/2016\/06\/ccf.jpg\"><img loading=\"lazy\" decoding=\"async\" class=\"alignleft  wp-image-24037\" src=\"http:\/\/infois.ro\/wp-content\/uploads\/2016\/06\/ccf.jpg\" alt=\"ccf\" width=\"333\" height=\"250\" srcset=\"https:\/\/infois.ro\/wp-content\/uploads\/2016\/06\/ccf.jpg 640w, https:\/\/infois.ro\/wp-content\/uploads\/2016\/06\/ccf-300x225.jpg 300w\" sizes=\"(max-width: 333px) 100vw, 333px\" \/><\/a><\/p>\n<p style=\"text-align: justify;\">Municipalitatea ie\u0219ean\u0103 a \u00eenceput demersurile pentru preluarea \u00een proprietate a imobilului \u00een care-\u0219i desf\u0103\u0219oar\u0103 \u00een prezent activitatea Centrul Cultural Francez (CCF) din Ia\u0219i. Imobilul, situat pe Bulevardul Carol I nr. 26, se afl\u0103 pe lista monumentelor istorice din Rom\u00e2nia, el apar\u021bin\u00e2nd urma\u0219ilor vechii familii boiere\u0219ti Racovi\u021b\u0103. Cl\u0103direa, cu o suprafa\u021b\u0103 de aproape 700 de metri p\u0103tra\u021bi, este compus\u0103 din 20 de camere, dintre care 12 se afl\u0103 situate la parter. Valoarea imobilului, la care se adaug\u0103 terenul aferent, \u00een suprafa\u021b\u0103 de peste 2.000 de metri p\u0103tra\u021bi, este evaluat de speciali\u0219ti la suma de 1,6 milioane de euro, Prim\u0103ria municipiului Ia\u0219i av\u00e2nd drept de preem\u021biune la cump\u0103rare, dup\u0103 ce Ministerul Culturii a renun\u021bat la acest atribut, din cauza lipsei de fonduri necesare achizi\u021bion\u0103rii cl\u0103dirii. \u201dAm \u00eenceput discu\u021biile cu proprietarii cl\u0103dirii (Ruxandra Morel Racovi\u021b\u0103 \u0219i Elisabeta Liselotte Racovi\u021b\u0103 \u2013 n.r.) \u00een vederea cump\u0103r\u0103rii imobilului respectiv \u0219i a terenului aferent. Dup\u0103 achizi\u021bionare, imobilul va continua s\u0103 g\u0103zduiasc\u0103 Centrul Cultural Francez. \u00cen plus, \u00een cl\u0103dire \u00ee\u0219i va desf\u0103\u0219ura activitatea \u0219i Consultatul Economic Francez de la Ia\u0219i, institu\u021bie care urmeaz\u0103 s\u0103-\u0219i deschid\u0103 por\u021bile \u00een cursul acestui an\u201d, a declarat primarul Mihai Chirica, miercuri, \u00eentr-o conferin\u021b\u0103 de pres\u0103. Potrivit \u0219efului municipalit\u0103\u021bii ie\u0219ene, imobilul din Bulevardul Carol nr. 26 va continua s\u0103 fac\u0103 parte din patrimoniul cultural local \u0219i na\u021bional \u0219i dup\u0103 ce acesta va fi preluat \u00een proprietate de Prim\u0103rie.<\/p>\n","protected":false},"excerpt":{"rendered":"<p>Municipalitatea ie\u0219ean\u0103 a \u00eenceput demersurile pentru preluarea \u00een proprietate a imobilului \u00een care-\u0219i desf\u0103\u0219oar\u0103 \u00een&#8230; <a class=\"meta-more\" href=\"https:\/\/infois.ro\/?p=24036\">more <span class=\"meta-nav\">&raquo;<\/span><\/a><\/p>\n","protected":false},"author":2,"featured_media":24037,"comment_status":"open","ping_status":"closed","sticky":false,"template":"","format":"standard","meta":{"footnotes":""},"categories":[1,41],"tags":[74,1062,40,477,2697],"aioseo_notices":[],"_links":{"self":[{"href":"https:\/\/infois.ro\/index.php?rest_route=\/wp\/v2\/posts\/24036"}],"collection":[{"href":"https:\/\/infois.ro\/index.php?rest_route=\/wp\/v2\/posts"}],"about":[{"href":"https:\/\/infois.ro\/index.php?rest_route=\/wp\/v2\/types\/post"}],"author":[{"embeddable":true,"href":"https:\/\/infois.ro\/index.php?rest_route=\/wp\/v2\/users\/2"}],"replies":[{"embeddable":true,"href":"https:\/\/infois.ro\/index.php?rest_route=%2Fwp%2Fv2%2Fcomments&post=24036"}],"version-history":[{"count":1,"href":"https:\/\/infois.ro\/index.php?rest_route=\/wp\/v2\/posts\/24036\/revisions"}],"predecessor-version":[{"id":24038,"href":"https:\/\/infois.ro\/index.php?rest_route=\/wp\/v2\/posts\/24036\/revisions\/24038"}],"wp:featuredmedia":[{"embeddable":true,"href":"https:\/\/infois.ro\/index.php?rest_route=\/wp\/v2\/media\/24037"}],"wp:attachment":[{"href":"https:\/\/infois.ro\/index.php?rest_route=%2Fwp%2Fv2%2Fmedia&parent=24036"}],"wp:term":[{"taxonomy":"category","embeddable":true,"href":"https:\/\/infois.ro\/index.php?rest_route=%2Fwp%2Fv2%2Fcategories&post=24036"},{"taxonomy":"post_tag","embeddable":true,"href":"https:\/\/infois.ro\/index.php?rest_route=%2Fwp%2Fv2%2Ftags&post=24036"}],"curies":[{"name":"wp","href":"https:\/\/api.w.org\/{rel}","templated":true}]}}