{"id":24042,"date":"2016-06-23T08:06:48","date_gmt":"2016-06-23T05:06:48","guid":{"rendered":"http:\/\/infois.ro\/?p=24042"},"modified":"2016-06-23T08:06:48","modified_gmt":"2016-06-23T05:06:48","slug":"concurs-de-idei-pentru-redenumirea-salilor-de-sedinta-din-prefectura","status":"publish","type":"post","link":"https:\/\/infois.ro\/?p=24042","title":{"rendered":"Concurs de idei pentru redenumirea s\u0103lilor de \u0219edin\u021b\u0103 din Prefectur\u0103"},"content":{"rendered":"<p style=\"text-align: justify;\"><a href=\"http:\/\/infois.ro\/wp-content\/uploads\/2014\/06\/prefectura-iasi.jpg\"><img loading=\"lazy\" decoding=\"async\" class=\"alignleft  wp-image-11732\" src=\"http:\/\/infois.ro\/wp-content\/uploads\/2014\/06\/prefectura-iasi.jpg\" alt=\"prefectura iasi\" width=\"381\" height=\"295\" srcset=\"https:\/\/infois.ro\/wp-content\/uploads\/2014\/06\/prefectura-iasi.jpg 640w, https:\/\/infois.ro\/wp-content\/uploads\/2014\/06\/prefectura-iasi-300x232.jpg 300w\" sizes=\"(max-width: 381px) 100vw, 381px\" \/><\/a><\/p>\n<p style=\"text-align: justify;\">Institu\u021bia Prefectului Jude\u021bului Ia\u0219i a lansat un concurs de idei \u00een vederea redenumirii s\u0103lilor de \u0219edin\u021b\u0103 din cadrul Palatului Administrativ al jude\u021bului. Ideea apar\u021bine prefectului Marian Grigora\u0219, care consider\u0103 c\u0103 actualele denumiri ale celor trei s\u0103li de conferin\u021b\u0103 din cadrul institu\u021biei sunt perimate \u0219i total nereprezentative. \u201dUnii dintre dumneavoastr\u0103 \u0219tiu c\u0103 \u00een Prefectura Ia\u0219i exist\u0103 trei s\u0103li de \u0219edinte: Sala Mare, Sala Verde \u0219i Sala Galben\u0103. Unii a\u021bi avut, poate, ocazia s\u0103 participa\u021bi la \u0219edin\u021be sau altfel de evenimente aici.\u00a0 Pentru cei care nu le \u0219ti\u021bi, v\u0103 fac o scurt\u0103 descriere. Sala Mare se afl\u0103 la etajul 1 al cl\u0103dirii, pe latura care d\u0103 spre curtea interioar\u0103. Are un num\u0103r de 270 de locuri \u0219i un aspect cam auster.<br \/>\nSala Verde se afl\u0103 tot la etajul 1, pe latura din fa\u021b\u0103 a cl\u0103dirii, \u00een dreptul Palatului Culturii. Are 50 de locuri \u0219i beneficiaz\u0103 de un sistem de comunica\u021bii tip videoconferin\u021b\u0103. Este cea mai des utilizat\u0103 de Institu\u021bia Prefectului.<br \/>\nSala Galben\u0103 este la parter, orientat\u0103 tot spre Palatul Culturii. Are tot \u00een jur de 50 de locuri \u0219i a fost recent modernizat\u0103. Vreau s\u0103 m\u0103 ajuta\u021bi \u0219i s\u0103 g\u0103sim \u00eempreun\u0103 denumiri pentru aceste s\u0103li\u201d, se arat\u0103 \u00een mesajul postat de Marian Grigora\u0219 pe pagina sa de Facebook. \u201d\u00cempreun\u0103 cu unii dintre colegii sau colaboratorii mei ne-am g\u00e2ndit pentru denumiri la o serie de personalit\u0103\u021bi care au legatur\u0103 cu istoria Ia\u0219ului \u0219i cu via\u021ba administrativ\u0103 \u0219i cultural\u0103 a zonei.\u00a0 \u00cens\u0103, eu spun c\u0103 e potrivit ca pentru aceast\u0103 alegere s\u0103 d\u0103m posibilitatea la c\u00e2t mai mul\u021bi oameni s\u0103 se pronun\u021be.\u00a0 A\u0219adar, v\u0103 mul\u021bumesc \u0219i a\u0219tept propunerile dumneavoastr\u0103\u201d, spune, \u00een \u00eencheiere, prefectul jude\u021bului Ia\u0219i.<\/p>\n","protected":false},"excerpt":{"rendered":"<p>Institu\u021bia Prefectului Jude\u021bului Ia\u0219i a lansat un concurs de idei \u00een vederea redenumirii s\u0103lilor de&#8230; <a class=\"meta-more\" href=\"https:\/\/infois.ro\/?p=24042\">more <span class=\"meta-nav\">&raquo;<\/span><\/a><\/p>\n","protected":false},"author":2,"featured_media":11732,"comment_status":"open","ping_status":"closed","sticky":false,"template":"","format":"standard","meta":{"footnotes":""},"categories":[1,41],"tags":[74,7237,40,446,8332],"aioseo_notices":[],"_links":{"self":[{"href":"https:\/\/infois.ro\/index.php?rest_route=\/wp\/v2\/posts\/24042"}],"collection":[{"href":"https:\/\/infois.ro\/index.php?rest_route=\/wp\/v2\/posts"}],"about":[{"href":"https:\/\/infois.ro\/index.php?rest_route=\/wp\/v2\/types\/post"}],"author":[{"embeddable":true,"href":"https:\/\/infois.ro\/index.php?rest_route=\/wp\/v2\/users\/2"}],"replies":[{"embeddable":true,"href":"https:\/\/infois.ro\/index.php?rest_route=%2Fwp%2Fv2%2Fcomments&post=24042"}],"version-history":[{"count":1,"href":"https:\/\/infois.ro\/index.php?rest_route=\/wp\/v2\/posts\/24042\/revisions"}],"predecessor-version":[{"id":24043,"href":"https:\/\/infois.ro\/index.php?rest_route=\/wp\/v2\/posts\/24042\/revisions\/24043"}],"wp:featuredmedia":[{"embeddable":true,"href":"https:\/\/infois.ro\/index.php?rest_route=\/wp\/v2\/media\/11732"}],"wp:attachment":[{"href":"https:\/\/infois.ro\/index.php?rest_route=%2Fwp%2Fv2%2Fmedia&parent=24042"}],"wp:term":[{"taxonomy":"category","embeddable":true,"href":"https:\/\/infois.ro\/index.php?rest_route=%2Fwp%2Fv2%2Fcategories&post=24042"},{"taxonomy":"post_tag","embeddable":true,"href":"https:\/\/infois.ro\/index.php?rest_route=%2Fwp%2Fv2%2Ftags&post=24042"}],"curies":[{"name":"wp","href":"https:\/\/api.w.org\/{rel}","templated":true}]}}