{"id":24086,"date":"2016-06-24T16:09:31","date_gmt":"2016-06-24T13:09:31","guid":{"rendered":"http:\/\/infois.ro\/?p=24086"},"modified":"2016-06-25T06:27:13","modified_gmt":"2016-06-25T03:27:13","slug":"maricel-popa-este-noul-presedinte-al-consiliului-judetean-iasi","status":"publish","type":"post","link":"https:\/\/infois.ro\/?p=24086","title":{"rendered":"Maricel Popa este noul pre\u0219edinte al Consiliului Jude\u021bean Ia\u0219i"},"content":{"rendered":"<p style=\"text-align: justify;\"><a href=\"http:\/\/infois.ro\/wp-content\/uploads\/2016\/06\/maricel-popa.jpg\"><img loading=\"lazy\" decoding=\"async\" class=\"alignleft  wp-image-24087\" src=\"http:\/\/infois.ro\/wp-content\/uploads\/2016\/06\/maricel-popa.jpg\" alt=\"maricel popa\" width=\"274\" height=\"283\" srcset=\"https:\/\/infois.ro\/wp-content\/uploads\/2016\/06\/maricel-popa.jpg 640w, https:\/\/infois.ro\/wp-content\/uploads\/2016\/06\/maricel-popa-290x300.jpg 290w\" sizes=\"(max-width: 274px) 100vw, 274px\" \/><\/a><\/p>\n<p style=\"text-align: justify;\">\u00cen prezen\u021ba prefectului Marian Grigora\u0219, \u00een Sala Mare a Palatului Administrativ al jude\u021bului a avut loc vineri, 24 iunie, \u0219edin\u021ba de constituire a noului Consiliu Jude\u021bean (CJ) Ia\u0219i. \u00cen urma alegerilor desf\u0103\u0219urate pe 5 iunie \u00een jude\u021bul Ia\u0219i, PSD a ob\u021binut \u00een Consiliul Jude\u021bean (CJ) Ia\u0219i 17 mandate, PNL \u2013 12 mandate, ALDE \u2013 trei mandate, PMP \u2013 trei mandate \u0219i UNPR \u2013 dou\u0103 mandate. \u00cen aceste condi\u021bii, componen\u021ba noului Consiliu Jude\u021bean Ia\u0219i este urm\u0103toarea: Victorel Lupu (PSD), Cristian Stanciu (PSD), Maricel Popa (PSD), Vasile C\u00e2tea (PSD), Mihaela Ivancia (PSD), Vasile Ion Sandu (PSD), Petronela C\u00e2tea (PSD), Ion C\u00e2mpeanu (PSD), Silviu Macovei (PSD), \u0218tefan C\u0103lin (PSD), Ovidiu Laicu (PSD), Petra Carp (PSD), Romeo Olteanu (PSD), C\u0103t\u0103lin Catur (PSD), Bogdan Cojocaru (PSD), Radu Ursanu (PSD), Mircea Anicul\u0103esei (PSD), Daniel Minciun\u0103 (PNL), C\u0103t\u0103lin Moro\u015fan (PNL), Marius Dang\u0103 (PNL), Liviu Bulgaru (PNL), Petru Avram (PNL), Vasile Cotiug\u0103 (PNL), Liviu Br\u0103tescu (PNL), Sorin Flutur (PNL), Sorin Afloarei (PNL), Constantin \u015eerban (PNL), Romeo Vatr\u0103 (PNL), Silviu Apostol (PNL), Vasile \u0218alaru (ALDE), Victor Chiril\u0103 (ALDE), Ciprian Ro\u0219ca (ALDE), Camelia Ciornia (PMP), Alin Aiv\u0103noaie (PMP), Marian Uscatu (PMP), Mircea Mihalache (UNPR), Iulian T\u0103r\u0103boan\u021b\u0103 (UNPR). Dup\u0103 anun\u021barea liderilor grupurilor de consilieri (Cristian Stanciu \u2013 PSD, Liviu Bulgaru \u2013 PNL, Ciprian Ro\u0219ca \u2013 ALDE, Alin Aiv\u0103noaie \u2013 PMP) s-a trecut la alegerea componen\u021bei comisiei de validare a mandatelor de consilieri jude\u021beni. Dup\u0103 aceast\u0103 procedur\u0103 a urmat depunerea jur\u0103m\u00e2ntului de credin\u021b\u0103 fa\u021b\u0103 de jude\u021b din partea celor 37 de consilieri jude\u021beni ale\u0219i \u00een urma scrutinului din 5 iunie. Urm\u0103torul punct de pe ordinea de zi a \u0219edin\u021bei l-a reprezentat alegerea noului pre\u0219edinte al Consiliului Jude\u021bean (CJ) Ia\u0219i. Pentru aceast\u0103 func\u021bie, grupul consilierilor social democra\u021bi l-a nominalizat pe Maricel Popa, \u00een timp ce grupul liberalilor l-a propus pe Daniel Minciun\u0103. \u00cen urma votului consilierilor, noul pre\u0219edinte al CJ Ia\u0219i a fost desemnat Maricel Popa (PSD), care a ob\u021binut 19 voturi pentru \u0219i 18 voturi \u00eempotriv\u0103, urmat de Daniel Minciun\u0103 (PNL), care a str\u00e2ns 18 voturi pentru \u0219i 19 voturi \u00eempotriv\u0103. \u00cen discursul s\u0103u, rostit imediat dup\u0103 validarea \u00een func\u021bie, noul pre\u0219edinte al Consiliului Jude\u021bean (CJ) Ia\u0219i, Maricel Popa, a mul\u021bumit consilierilor pentru votul pe care ace\u0219tia i l-au acordat, dup\u0103 care a subliniat c\u0103 marile proiecte ale jude\u021bului vor continua \u0219i se vor extinde \u00een timpul mandatului s\u0103u. \u201dFunc\u021bia de pre\u0219edinte al CJ Ia\u0219i nu este o miz\u0103 pentru mine, ci o provocare. M-am hot\u0103r\u00e2t s\u0103 m\u0103 implic \u00een proiectele jude\u021bului \u0219i cred c\u0103, al\u0103turi de dumneavoastr\u0103, consilierii jude\u021beni, vom reu\u0219i s\u0103 le ducem la bun sf\u00e2r\u0219it. Mi-a\u0219 dori s\u0103 colabor\u0103m, indiferent de culoarea politic\u0103 a fiec\u0103ruia dintre noi. Starea de normalitate este cea care trebuie s\u0103 domine \u00een Consiliul Jude\u021bean. \u00cen calitatea mea de pre\u0219edinte al CJ voi acorda o aten\u021bie sporit\u0103 dezvolt\u0103rii localit\u0103\u021bilor jude\u021bului. Prioritatea CJ va fi modernizarea drumurilor jude\u021bene, \u00eens\u0103, de asemenea, vom \u00eencerca s\u0103 extindem re\u021beaua de ap\u0103 \u0219i canalizare \u00een toate localit\u0103\u021bile din jude\u021b, p\u00e2n\u0103 \u00een 2018-2020, prin atragerea de fonduri europene \u0219i guvernamentale, O alt\u0103 prioritate a mandatului meu o reprezint\u0103 construc\u021bia parcului industrial de la Ia\u0219i, \u00een colaborare cu Prim\u0103ria municipiului \u0219i cu prim\u0103riile celorlalte localit\u0103\u021bi limitrofe. Un alt proiect important este realizarea centrului regional intermodal de transport marf\u0103,\u00a0 \u00eenceput \u00een mandatului fostului pre\u0219edinte Cristian Adomni\u021bei, care va trebui s\u0103 fie continuat \u0219i chiar extins. \u00cempreun\u0103 cu parlamentarii \u0219i autorit\u0103\u021bile locale din regiunea Moldovei va trebui s\u0103 sprijinim proiectul privind construc\u021bia autostr\u0103zii Est-Vest, \u00een timp ce atragerea de fonduri pentru dezvoltarea jude\u021bului, precum \u0219i schimbarea imaginii pe care o are \u00een acest moment Bucure\u0219tiul fa\u021b\u0103 de Ia\u0219i sunt alte dou\u0103 priorit\u0103\u021bile ale mandatului meu\u201d, a declarat Maricel Popa. Noul pre\u0219edinte al CJ Ia\u0219i a f\u0103cut un apel \u0219i c\u0103tre angaja\u021bii acestei institu\u021bii: \u201dNe a\u0219teapt\u0103 ani de munc\u0103, \u00een care criteriile principale de evaluare a activit\u0103\u021bii dumneavoastr\u0103 sunt competan\u021ba profesional\u0103 \u0219i etica\u201d, a spus Maricel Popa, care a subliniat faptul c\u0103 \u00een calitate de pre\u0219edinte al Consiliului Jude\u021bean dore\u0219te s\u0103 schimbe imaginea acestei institu\u021bii \u00een r\u00e2ndul ie\u0219enilor. \u201dVom transparentiza toate licita\u021biile publice organizate de CJ \u0219i vom instala un panou electronic la intrarea \u00een institu\u021bie care va prezenta, \u00een timp real, situa\u021bia fiec\u0103rei licita\u021bii \u00een parte\u201d, a mai spus Maricel Popa. Urm\u0103torul punct de pe ordinea de zi a \u0219edin\u021bei l-a reprezentat alegerea celor doi noi vicepre\u0219edin\u021bi ai CJ Ia\u0219i. Pentru aceste func\u021bii au fost f\u0103cute patru nominaliz\u0103ri \u0219i anume: Victorel Lupu (PSD), Victor Chiril\u0103 (ALDE), Alin Aiv\u0103noaie (PMP) \u0219i Vasile \u0218alaru (ALDE), acesta din urm\u0103 fiind propus de UNPR, \u00een timp ce PNL nu a \u00eenaintat nicio candidatur\u0103.\u00a0 \u00cen urma num\u0103r\u0103rii voturilor, Victor Chiril\u0103 a ob\u021binut 22 de voturi pentru \u0219i 15 \u00eempotriv\u0103, urmat de Victorel Lupu (21 de voturi pentru \u0219i 16 \u00eempotriv\u0103), Alin Aiv\u0103noaie (15 voturi pentru \u0219i 22 \u00eempotriv\u0103) \u0219i Vasile \u0218alaru (14 voturi pentru \u0219i 23 \u00eempotriv\u0103). \u00cen urma acestor rezultate, Victor Chiril\u0103 (ALDE) \u0219i Victorel Lupu (PSD) au fost ale\u0219i \u00een func\u021bia de vicepre\u0219edinte al CJ Ia\u0219i pentru urm\u0103torii patru ani. La propunerea pre\u0219edintelui Maricel Popa, ultimul punct \u00eenscris pe ordinea de zi a \u0219edin\u021bei, respectiv aprobarea constituirii \u0219i componen\u021ba comisiilor de specialitate ale Consiliului Jude\u021bean (CJ) Ia\u0219i, a fost am\u00e2nat pentru urm\u0103toarea \u0219edin\u021b\u0103 ordinar\u0103 a Legislativului.<\/p>\n","protected":false},"excerpt":{"rendered":"<p>\u00cen prezen\u021ba prefectului Marian Grigora\u0219, \u00een Sala Mare a Palatului Administrativ al jude\u021bului a avut&#8230; <a class=\"meta-more\" href=\"https:\/\/infois.ro\/?p=24086\">more <span class=\"meta-nav\">&raquo;<\/span><\/a><\/p>\n","protected":false},"author":2,"featured_media":24087,"comment_status":"open","ping_status":"closed","sticky":false,"template":"","format":"standard","meta":{"footnotes":""},"categories":[1,41],"tags":[74,4115,133,40,8340,2877],"aioseo_notices":[],"_links":{"self":[{"href":"https:\/\/infois.ro\/index.php?rest_route=\/wp\/v2\/posts\/24086"}],"collection":[{"href":"https:\/\/infois.ro\/index.php?rest_route=\/wp\/v2\/posts"}],"about":[{"href":"https:\/\/infois.ro\/index.php?rest_route=\/wp\/v2\/types\/post"}],"author":[{"embeddable":true,"href":"https:\/\/infois.ro\/index.php?rest_route=\/wp\/v2\/users\/2"}],"replies":[{"embeddable":true,"href":"https:\/\/infois.ro\/index.php?rest_route=%2Fwp%2Fv2%2Fcomments&post=24086"}],"version-history":[{"count":1,"href":"https:\/\/infois.ro\/index.php?rest_route=\/wp\/v2\/posts\/24086\/revisions"}],"predecessor-version":[{"id":24088,"href":"https:\/\/infois.ro\/index.php?rest_route=\/wp\/v2\/posts\/24086\/revisions\/24088"}],"wp:featuredmedia":[{"embeddable":true,"href":"https:\/\/infois.ro\/index.php?rest_route=\/wp\/v2\/media\/24087"}],"wp:attachment":[{"href":"https:\/\/infois.ro\/index.php?rest_route=%2Fwp%2Fv2%2Fmedia&parent=24086"}],"wp:term":[{"taxonomy":"category","embeddable":true,"href":"https:\/\/infois.ro\/index.php?rest_route=%2Fwp%2Fv2%2Fcategories&post=24086"},{"taxonomy":"post_tag","embeddable":true,"href":"https:\/\/infois.ro\/index.php?rest_route=%2Fwp%2Fv2%2Ftags&post=24086"}],"curies":[{"name":"wp","href":"https:\/\/api.w.org\/{rel}","templated":true}]}}