{"id":24102,"date":"2016-06-26T08:32:29","date_gmt":"2016-06-26T05:32:29","guid":{"rendered":"http:\/\/infois.ro\/?p=24102"},"modified":"2016-06-27T08:35:02","modified_gmt":"2016-06-27T05:35:02","slug":"tinerii-din-crossover-au-ajuns-la-iasi","status":"publish","type":"post","link":"https:\/\/infois.ro\/?p=24102","title":{"rendered":"Tinerii din Crossover au ajuns la Ia\u0219i"},"content":{"rendered":"<p style=\"text-align: justify;\"><a href=\"http:\/\/infois.ro\/wp-content\/uploads\/2016\/06\/crossover.jpg\"><img loading=\"lazy\" decoding=\"async\" class=\"alignleft  wp-image-24103\" src=\"http:\/\/infois.ro\/wp-content\/uploads\/2016\/06\/crossover.jpg\" alt=\"crossover\" width=\"361\" height=\"241\" srcset=\"https:\/\/infois.ro\/wp-content\/uploads\/2016\/06\/crossover.jpg 640w, https:\/\/infois.ro\/wp-content\/uploads\/2016\/06\/crossover-300x200.jpg 300w\" sizes=\"(max-width: 361px) 100vw, 361px\" \/><\/a><\/p>\n<p style=\"text-align: justify;\">Doi tineri din Austria \u0219i Polonia promoveaz\u0103 mersul pe biciclet\u0103 \u00een \u021b\u0103rile din Estul Europei. Ewa Karolina Gruszyk \u0219i Roland Kloss au ini\u021biat proiectul \u201dTandem Crossover\u201d, un tur al Europei Centrale \u0219i de Est, realizat pe o biciclet\u0103 tandem din bambus. Cei doi cicloturi\u0219ti au ajuns s\u00e2mb\u0103t\u0103, 25 iunie, la Ia\u0219i, gazd\u0103 fiindu-le chiar primarul Mihai Chirica. \u201eMersul pe bicicleta este vital pentru un ora\u0219\u00a0vibrant, Mai mul\u021bi cicli\u0219ti\u00a0\u00eenseamn\u0103\u00a0persoane mai s\u0103n\u0103toase, mai active\u00a0\u0219i,\u00a0implicit, mai fericite. De asemenea, pe biciclet\u0103\u00a0naveta spre serviciu devine mai pl\u0103cut\u0103, str\u0103zile mai sigure, iar poluarea se reduce semnificativ. Nu mai spunem c\u0103\u00a0astfel ora\u0219ul beneficiaz\u0103\u00a0de mai mult spa\u021biu public.\u00a0Ne-am axat aceast\u0103 c\u0103l\u0103torie pe\u00a0ora\u0219ele din\u00a0Europa de Est,\u00a0\u0219tiind c\u0103\u00a0\u00een aceste\u00a0\u021b\u0103ri gradul de motorizare este mai ridicat\u201d, a declarat Roland Kloss, ini\u021biatorul turului de 7.000 de kilometric. La finalul \u00eent\u00e2lnirii de la Palatul Roznovanu primarul Ia\u0219ului a acceptat propunerea tinerilor de a merge pe biciclet\u0103 \u00een tandem. \u201dCeea ce au v\u0103zut prin celelalte ora\u0219e din lume arat\u0103 faptul c\u0103 mersul pe biciclet\u0103 nu este neap\u0103rat o distrac\u021bie, ci \u0219i o necesitate pentru a diminua fluxurile de trafic. Astfel \u00eenc\u00e2t va trebui s\u0103 r\u0103spundem \u0219i noi acestei provoc\u0103ri. Fiecare strad\u0103 scoas\u0103 la proiectare ar trebui s\u0103 aib\u0103 prev\u0103zut\u0103 cu o pist\u0103 special\u0103 pentru bicicli\u0219ti\u201d, a afirmat primarul Mihai Chirica.<\/p>\n","protected":false},"excerpt":{"rendered":"<p>Doi tineri din Austria \u0219i Polonia promoveaz\u0103 mersul pe biciclet\u0103 \u00een \u021b\u0103rile din Estul Europei&#8230;. <a class=\"meta-more\" href=\"https:\/\/infois.ro\/?p=24102\">more <span class=\"meta-nav\">&raquo;<\/span><\/a><\/p>\n","protected":false},"author":2,"featured_media":24103,"comment_status":"open","ping_status":"closed","sticky":false,"template":"","format":"standard","meta":{"footnotes":""},"categories":[1,41],"tags":[74,8347,8349,40,8348],"aioseo_notices":[],"_links":{"self":[{"href":"https:\/\/infois.ro\/index.php?rest_route=\/wp\/v2\/posts\/24102"}],"collection":[{"href":"https:\/\/infois.ro\/index.php?rest_route=\/wp\/v2\/posts"}],"about":[{"href":"https:\/\/infois.ro\/index.php?rest_route=\/wp\/v2\/types\/post"}],"author":[{"embeddable":true,"href":"https:\/\/infois.ro\/index.php?rest_route=\/wp\/v2\/users\/2"}],"replies":[{"embeddable":true,"href":"https:\/\/infois.ro\/index.php?rest_route=%2Fwp%2Fv2%2Fcomments&post=24102"}],"version-history":[{"count":1,"href":"https:\/\/infois.ro\/index.php?rest_route=\/wp\/v2\/posts\/24102\/revisions"}],"predecessor-version":[{"id":24104,"href":"https:\/\/infois.ro\/index.php?rest_route=\/wp\/v2\/posts\/24102\/revisions\/24104"}],"wp:featuredmedia":[{"embeddable":true,"href":"https:\/\/infois.ro\/index.php?rest_route=\/wp\/v2\/media\/24103"}],"wp:attachment":[{"href":"https:\/\/infois.ro\/index.php?rest_route=%2Fwp%2Fv2%2Fmedia&parent=24102"}],"wp:term":[{"taxonomy":"category","embeddable":true,"href":"https:\/\/infois.ro\/index.php?rest_route=%2Fwp%2Fv2%2Fcategories&post=24102"},{"taxonomy":"post_tag","embeddable":true,"href":"https:\/\/infois.ro\/index.php?rest_route=%2Fwp%2Fv2%2Ftags&post=24102"}],"curies":[{"name":"wp","href":"https:\/\/api.w.org\/{rel}","templated":true}]}}