{"id":24126,"date":"2016-06-29T08:23:03","date_gmt":"2016-06-29T05:23:03","guid":{"rendered":"http:\/\/infois.ro\/?p=24126"},"modified":"2016-06-29T08:23:03","modified_gmt":"2016-06-29T05:23:03","slug":"masuri-luate-de-autoritati-in-vederea-eliminarii-efectelor-precipitatiilor","status":"publish","type":"post","link":"https:\/\/infois.ro\/?p=24126","title":{"rendered":"M\u0103suri luate de autorit\u0103\u021bi \u00een vederea elimin\u0103rii efectelor precipita\u021biilor"},"content":{"rendered":"<p style=\"text-align: justify;\"><a href=\"http:\/\/infois.ro\/wp-content\/uploads\/2016\/06\/ploaie.jpg\"><img loading=\"lazy\" decoding=\"async\" class=\"alignleft  wp-image-24128\" src=\"http:\/\/infois.ro\/wp-content\/uploads\/2016\/06\/ploaie.jpg\" alt=\"ploaie\" width=\"352\" height=\"199\" srcset=\"https:\/\/infois.ro\/wp-content\/uploads\/2016\/06\/ploaie.jpg 640w, https:\/\/infois.ro\/wp-content\/uploads\/2016\/06\/ploaie-300x169.jpg 300w, https:\/\/infois.ro\/wp-content\/uploads\/2016\/06\/ploaie-139x80.jpg 139w, https:\/\/infois.ro\/wp-content\/uploads\/2016\/06\/ploaie-140x80.jpg 140w\" sizes=\"(max-width: 352px) 100vw, 352px\" \/><\/a><\/p>\n<p style=\"text-align: justify;\">Av\u00e2nd \u00een vedere avertizarea meteorologic\u0103 \u201dCOD PORTOCALIU\u201d pentru intervalul 28.06.2016, ora 14.00 &#8211; 29.06.2016 ora 11.00, prefectul Marian Grigora\u0219 a convocat mar\u021bi, 28 iunie, o \u0219edin\u021b\u0103 extraordinar\u0103 a Comitetului Jude\u021bean pentru Situa\u021bii de Urgen\u021b\u0103 Ia\u0219i (CJSU). \u00cen urma analizelor f\u0103cute \u00eempreun\u0103 cu membrii CJSU s-a constatat c\u0103 p\u00e2n\u0103 \u00een prezent, pe raza jude\u021bului Ia\u0219i, \u00een urma precipita\u021biilor din data de 28 iunie, nu au fost \u00eenregistrate probleme deosebite. \u201dAm dispus transmiterea unui set de m\u0103suri c\u0103tre toate Comitetele Locale pentru Situa\u021bii de Urgen\u021b\u0103 pentru gestionarea perioadei \u00een care este emis\u0103 avertizarea cod portocaliu. Foarte important este ca la fiecare Prim\u0103rie s\u0103 existe cel pu\u021bin o persoan\u0103 desemnat\u0103 care s\u0103 asigure permanen\u021ba pe toat\u0103 perioada avertiz\u0103rilor. Reprezentan\u021bii Inspectoratului pentru Situa\u021bii de Urgen\u021b\u0103 sunt preg\u0103ti\u021bi s\u0103 intervin\u0103, dac\u0103 va fi cazul\u201d, a declarat prefectul jude\u021bului Ia\u0219i. M\u0103surile transmise c\u0103tre Comitetele Locale pentru Situa\u021bii de Urgen\u021b\u0103 mai presupun: avertizarea popula\u0163iei, cu prioritate a locuitorilor din zonele cele mai expuse la inunda\u0163ii, asigurarea scurgerii apelor mari pe cursurile de ap\u0103 permanente \u015fi nepermanente \u00een localit\u0103\u0163i, realizarea \u015fi \u00eentre\u0163inerea \u015fan\u0163urilor \u015fi rigolelor de scurgere a apelor pluviale, \u00eendep\u0103rtarea materialului lemnos, a rumegu\u015fului \u015fi a de\u015feurilor menajere existente pe cursul forma\u0163iunilor toren\u0163iale, pe malurile cursurilor de ap\u0103 din zona localit\u0103\u0163ilor \u015fi din zona podurilor \u015fi pode\u0163elor, participarea la ac\u0163iunile de protec\u0163ie \u015fi de ap\u0103rare \u00eempotriva inunda\u0163iilor, cu utilajele \u015fi echipamentele din dotarea proprie sau supravegherea permanent\u0103 a zonelor critice de pe cursurile de ap\u0103.<\/p>\n","protected":false},"excerpt":{"rendered":"<p>Av\u00e2nd \u00een vedere avertizarea meteorologic\u0103 \u201dCOD PORTOCALIU\u201d pentru intervalul 28.06.2016, ora 14.00 &#8211; 29.06.2016 ora&#8230; <a class=\"meta-more\" href=\"https:\/\/infois.ro\/?p=24126\">more <span class=\"meta-nav\">&raquo;<\/span><\/a><\/p>\n","protected":false},"author":2,"featured_media":24128,"comment_status":"open","ping_status":"closed","sticky":false,"template":"","format":"standard","meta":{"footnotes":""},"categories":[1,41],"tags":[74,7312,40,1785,1735],"aioseo_notices":[],"_links":{"self":[{"href":"https:\/\/infois.ro\/index.php?rest_route=\/wp\/v2\/posts\/24126"}],"collection":[{"href":"https:\/\/infois.ro\/index.php?rest_route=\/wp\/v2\/posts"}],"about":[{"href":"https:\/\/infois.ro\/index.php?rest_route=\/wp\/v2\/types\/post"}],"author":[{"embeddable":true,"href":"https:\/\/infois.ro\/index.php?rest_route=\/wp\/v2\/users\/2"}],"replies":[{"embeddable":true,"href":"https:\/\/infois.ro\/index.php?rest_route=%2Fwp%2Fv2%2Fcomments&post=24126"}],"version-history":[{"count":1,"href":"https:\/\/infois.ro\/index.php?rest_route=\/wp\/v2\/posts\/24126\/revisions"}],"predecessor-version":[{"id":24129,"href":"https:\/\/infois.ro\/index.php?rest_route=\/wp\/v2\/posts\/24126\/revisions\/24129"}],"wp:featuredmedia":[{"embeddable":true,"href":"https:\/\/infois.ro\/index.php?rest_route=\/wp\/v2\/media\/24128"}],"wp:attachment":[{"href":"https:\/\/infois.ro\/index.php?rest_route=%2Fwp%2Fv2%2Fmedia&parent=24126"}],"wp:term":[{"taxonomy":"category","embeddable":true,"href":"https:\/\/infois.ro\/index.php?rest_route=%2Fwp%2Fv2%2Fcategories&post=24126"},{"taxonomy":"post_tag","embeddable":true,"href":"https:\/\/infois.ro\/index.php?rest_route=%2Fwp%2Fv2%2Ftags&post=24126"}],"curies":[{"name":"wp","href":"https:\/\/api.w.org\/{rel}","templated":true}]}}