{"id":24238,"date":"2016-07-06T22:35:42","date_gmt":"2016-07-06T19:35:42","guid":{"rendered":"http:\/\/infois.ro\/?p=24238"},"modified":"2016-07-06T22:35:42","modified_gmt":"2016-07-06T19:35:42","slug":"primele-autobuze-noi-vor-circula-la-iasi-incepand-din-toamna","status":"publish","type":"post","link":"https:\/\/infois.ro\/?p=24238","title":{"rendered":"Primele autobuze noi vor circula la Ia\u0219i  \u00eencep\u00e2nd din toamn\u0103"},"content":{"rendered":"<p style=\"text-align: justify;\"><a href=\"http:\/\/infois.ro\/wp-content\/uploads\/2016\/07\/autobuz.jpg\"><img loading=\"lazy\" decoding=\"async\" class=\"alignleft  wp-image-24239\" src=\"http:\/\/infois.ro\/wp-content\/uploads\/2016\/07\/autobuz.jpg\" alt=\"autobuz\" width=\"348\" height=\"208\" srcset=\"https:\/\/infois.ro\/wp-content\/uploads\/2016\/07\/autobuz.jpg 640w, https:\/\/infois.ro\/wp-content\/uploads\/2016\/07\/autobuz-300x179.jpg 300w\" sizes=\"(max-width: 348px) 100vw, 348px\" \/><\/a>\u00cencep\u00e2nd din toamn\u0103, pe str\u0103zile din Ia\u0219i vor circula 12 autobuze noi, care urmeaz\u0103 s\u0103 fie achizi\u021bionate de Prim\u0103rie la un pre\u021b foarte convenabil. Potrivit primarului Mihai Chirica, autovehiculele, cu o capacitate de 109 locuri fiecare, au c\u00e2te trei u\u0219i de acces, podea joas\u0103, sistem de supraveghere video \u00een interior, aer condi\u021bionat \u0219i rampe pentru urcarea\/debarcarea persoanelor cu dizabilit\u0103\u021bi. Costul de achizi\u021bie al autobuzelor este de 140.000 de euro bucata, f\u0103r\u0103 TVA. \u201dAutobuzele urmeaz\u0103 s\u0103 fie aduse la Ia\u0219i \u00een termen de cel mult trei luni de la semnarea contractului cu firma furnizoare. Odat\u0103 cu achizi\u021bionarea celor 12 autobuze noi, municipalitatea declan\u0219eaz\u0103, practic, reforma \u00een transportul public de c\u0103l\u0103tori la Ia\u0219i. Inten\u021bia noastr\u0103 este s\u0103 \u00eenlocuim \u00eentr-un timp c\u00e2t mai scurt \u00eentregul parc de autobuze existent \u00een acest moment la Ia\u0219i \u0219i s\u0103 aducem autobuze noi. Pe l\u00e2ng\u0103 cele 12 autobuze care vor fi aduse \u00een aceast\u0103 toamn\u0103 la Ia\u0219i, inten\u021bion\u0103m s\u0103 mai achizi\u021bion\u0103m \u00een perioada urm\u0103toare alte 75 de autobuze noi, prin intermediul unui \u00eemprumut de la Banca European\u0103 pentru Reconstruc\u021bie \u0219i Dezvoltare (BERD), \u00een valoare de 15 milioane de euro\u201d, a declarat, miercuri, \u00eentr-o conferin\u021b\u0103 de pres\u0103, primarul Mihai Chirica. \u201dToate cele 87 de unit\u0103\u021bi noi, care vor fi aduse la Ia\u0219i, vor avea norma de poluare Euro 6, podea joas\u0103, aer condi\u021bionat \u0219i rampe pentru urcarea\/debarcarea persoanelor cu dizabilit\u0103\u021bi\u201d, a ad\u0103ugat edilul. Potrivit \u0219efului municipalit\u0103\u021bii ie\u0219ene, \u00een paralel cu achizi\u021bionarea de autobuze noi, \u00een perioada urm\u0103toare, autorit\u0103\u021bile locale vor continua programul de reabilitare a c\u0103ii de rulare a tramvaielor, prin intermediul fondurilor nerambursabile puse la dispozi\u021bie de Uniunea European\u0103. \u201dDorim ca \u00een cel mai scurt timp, Ia\u0219iul s\u0103 de\u021bin\u0103 cel mai modern parc de autobuze \u0219i cea mai modern\u0103 infrastructur\u0103 de cale de rulare a tramvaielor din \u021bar\u0103, iar pentru acest lucru, pe l\u00e2ng\u0103 fondurile proprii \u0219i \u00eemprumutul de la BERD vom apela \u0219i la fondurile nerambursabile, puse la dispozi\u021bie de Uniunea European\u0103\u201d, a mai spus edilul.<\/p>\n","protected":false},"excerpt":{"rendered":"<p>\u00cencep\u00e2nd din toamn\u0103, pe str\u0103zile din Ia\u0219i vor circula 12 autobuze noi, care urmeaz\u0103 s\u0103&#8230; <a class=\"meta-more\" href=\"https:\/\/infois.ro\/?p=24238\">more <span class=\"meta-nav\">&raquo;<\/span><\/a><\/p>\n","protected":false},"author":2,"featured_media":24239,"comment_status":"open","ping_status":"closed","sticky":false,"template":"","format":"standard","meta":{"footnotes":""},"categories":[1,41],"tags":[74,5428,3905,40,1885,1593],"aioseo_notices":[],"_links":{"self":[{"href":"https:\/\/infois.ro\/index.php?rest_route=\/wp\/v2\/posts\/24238"}],"collection":[{"href":"https:\/\/infois.ro\/index.php?rest_route=\/wp\/v2\/posts"}],"about":[{"href":"https:\/\/infois.ro\/index.php?rest_route=\/wp\/v2\/types\/post"}],"author":[{"embeddable":true,"href":"https:\/\/infois.ro\/index.php?rest_route=\/wp\/v2\/users\/2"}],"replies":[{"embeddable":true,"href":"https:\/\/infois.ro\/index.php?rest_route=%2Fwp%2Fv2%2Fcomments&post=24238"}],"version-history":[{"count":1,"href":"https:\/\/infois.ro\/index.php?rest_route=\/wp\/v2\/posts\/24238\/revisions"}],"predecessor-version":[{"id":24240,"href":"https:\/\/infois.ro\/index.php?rest_route=\/wp\/v2\/posts\/24238\/revisions\/24240"}],"wp:featuredmedia":[{"embeddable":true,"href":"https:\/\/infois.ro\/index.php?rest_route=\/wp\/v2\/media\/24239"}],"wp:attachment":[{"href":"https:\/\/infois.ro\/index.php?rest_route=%2Fwp%2Fv2%2Fmedia&parent=24238"}],"wp:term":[{"taxonomy":"category","embeddable":true,"href":"https:\/\/infois.ro\/index.php?rest_route=%2Fwp%2Fv2%2Fcategories&post=24238"},{"taxonomy":"post_tag","embeddable":true,"href":"https:\/\/infois.ro\/index.php?rest_route=%2Fwp%2Fv2%2Ftags&post=24238"}],"curies":[{"name":"wp","href":"https:\/\/api.w.org\/{rel}","templated":true}]}}