{"id":24309,"date":"2016-07-12T06:19:51","date_gmt":"2016-07-12T03:19:51","guid":{"rendered":"http:\/\/infois.ro\/?p=24309"},"modified":"2016-07-12T06:26:53","modified_gmt":"2016-07-12T03:26:53","slug":"iasul-s-ar-putea-infrati-cu-orasul-bitola-din-macedonia","status":"publish","type":"post","link":"https:\/\/infois.ro\/?p=24309","title":{"rendered":"Ia\u0219ul s-ar putea \u00eenfr\u0103\u021bi cu ora\u0219ul Bitola din Macedonia"},"content":{"rendered":"<p style=\"text-align: justify;\"><a href=\"http:\/\/infois.ro\/wp-content\/uploads\/2016\/07\/macedonia.jpg\"><img loading=\"lazy\" decoding=\"async\" class=\"alignleft  wp-image-24310\" src=\"http:\/\/infois.ro\/wp-content\/uploads\/2016\/07\/macedonia.jpg\" alt=\"macedonia\" width=\"329\" height=\"341\" srcset=\"https:\/\/infois.ro\/wp-content\/uploads\/2016\/07\/macedonia.jpg 640w, https:\/\/infois.ro\/wp-content\/uploads\/2016\/07\/macedonia-289x300.jpg 289w\" sizes=\"(max-width: 329px) 100vw, 329px\" \/><\/a><\/p>\n<p style=\"text-align: justify;\">Primarul Mihai Chirica s-a \u00eent\u00e2lnit luni, 11 iulie, la sediul Prim\u0103riei Municipiului Ia\u0219i cu o delega\u021bie a Ambasadei Republicii Macedonia la Bucure\u0219ti, condus\u0103 de Excelen\u021ba Sa Dr. Pande Lazarevski, ambasadorul acestei \u021b\u0103ri la Bucure\u0219ti. Din delega\u021bie au mai f\u0103cut parte Hanif Dauti, consilier al Ambasadei \u0219i Prin\u021bul \u0218eban Dimitrie Sturdza, Consul Onorific al Republicii Macedonia pentru 12 jude\u021be din estul \u0219i sud-estul Rom\u00e2niei (inclusiv jude\u021bul Ia\u0219i). Scopul principal al \u00eentrevederii a fost discutarea perspectivelor \u0219i modalit\u0103\u021bilor de str\u00e2ngere a rela\u021biilor de cooperare. Cu acest prilej au fost identificate c\u00e2teva domenii prioritare, precum educa\u021bie (mai ales c\u0103 Univesitatea \u201dAl. I. Cuza\u201d Ia\u0219i a semnat un parteneriat cu Universitatea \u201dSf. Clement\u201d din Bitola), turism ecumenic (cultul Sf. Parascheva este foarte important \u00een r\u00e2ndul popula\u021biei macedonene, la r\u00e2ndul ei, \u021bara celor 365 de biserici), precum \u0219i organizarea unor Forumuri de investi\u021bii \u00een ambele \u021b\u0103ri, Macedonia oferind facilit\u0103\u021bi importante investitorilor str\u0103ini. \u201dExcelen\u021ba Sa, domnul Dr. Pande Lazarevski, a propus \u0219i finalizarea negocierilor de \u00eenfr\u0103\u021bire \u00eentre ora\u0219ele Ia\u0219i \u0219i Bitola \u0219i semnarea Acordului \u00een perioada urm\u0103toare. S-a adus \u00een discu\u021bie \u0219i necesitatea deschiderii unui Birou al Consulului Onorific al Republicii Macedonia pentru estul \u0219i sud-estul Rom\u00e2niei la Ia\u0219i, pentru a putea asigura prezen\u021ba necesar\u0103 \u0219i implicarea \u00een str\u00e2ngerea rela\u021biilor de cooperare. \u00cen acest sens, a fost solicitat\u0103 municipalit\u0103\u021bii o loca\u021bie \u0219i o list\u0103 a evenimentelor anuale importante pentru a putea fi incluse \u00een calendarul cooper\u0103rilor rom\u00e2no-macedonene\u201d, se precizeaz\u0103 \u00eentr-un comunicat al Biroului de pres\u0103 al Prim\u0103riei.<\/p>\n<p><strong>La Ia\u0219i va fi deschis un birou al consulului onorific al Republicii Macedonia \u00een Rom\u00e2nia <\/strong><\/p>\n<p>De asemenea,\u00a0 Excelen\u021ba Sa Pande Lazarevski, ambasadorul Republicii Macedonia la Bucure\u015fti, s-a intalnit si cu subprefectul R\u0103zvan Bogdan Ab\u0103la\u0219i. Scopul principal al vizitei la Prefectura Ia\u0219i a fost prezentarea prin\u021bului \u0218erban Dimitrie Sturdza, numit recent \u00een func\u021bia de Consul Onorific al Republicii Macedonia pentru jude\u021bele Ia\u0219i, Bac\u0103u, Br\u0103ila, Boto\u0219ani, C\u0103l\u0103ra\u0219i, Constan\u021ba, Gala\u021bi, Ialomi\u021ba, Neam\u021b, Suceava, Tulcea, Vaslui. \u201dPrin\u021bul \u015eerban Dimitrie Sturdza \u0219i-a prezentat priorit\u0103\u021bile. Un punct esen\u021bial al colabor\u0103rii va fi dezvoltarea rela\u021biilor comerciale, prin organizarea de forumuri investi\u021bionale. De asemenea, \u00eembun\u0103t\u0103\u021birea leg\u0103turilor de transport dintre cele dou\u0103 \u021b\u0103ri va fi un alt punct important pe agenda noului consul. I-am transmis c\u0103 va beneficia de toat\u0103 deschiderea Institu\u021biei Prefectului &#8211; jude\u021bul Ia\u0219i pentru ini\u021biativele de cooperare pe plan economic, cultural, academic\u201d, a declarat subprefectul R\u0103zvan Bogdan Ab\u0103la\u0219i. \u201d\u00cen cadrul discu\u021biilor au fost abordate \u0219i alte teme, precum dezvoltarea turismului, cu accent pe turismul ecumenic, av\u00e2nd \u00een vedere mo\u0219tenirea ortodox\u0103 comun\u0103. Excelen\u0163a Sa Pande Lazarevski a precizat c\u0103 se inten\u021bioneaz\u0103 deschiderea unui birou al consulului onorific la Ia\u0219i, pentru a avea o prezen\u021b\u0103 efectiv\u0103 \u0219i dinamic\u0103 pe plan local. Delega\u021bia Ambasadei Republicii Macedonia \u00een Rom\u00e2nia a avut \u00eent\u00e2lniri cu autorit\u0103\u021bile locale, cu reprezentan\u021bi ai mediului academic \u0219i ai oamenilor de afaceri ie\u0219eni\u201d, se precizeaz\u0103 \u00eentr-un comunicat al Biroului de pres\u0103 al Institu\u021biei Prefectului Jude\u021bului Ia\u0219i.<\/p>\n","protected":false},"excerpt":{"rendered":"<p>Primarul Mihai Chirica s-a \u00eent\u00e2lnit luni, 11 iulie, la sediul Prim\u0103riei Municipiului Ia\u0219i cu o&#8230; <a class=\"meta-more\" href=\"https:\/\/infois.ro\/?p=24309\">more <span class=\"meta-nav\">&raquo;<\/span><\/a><\/p>\n","protected":false},"author":2,"featured_media":24310,"comment_status":"open","ping_status":"closed","sticky":false,"template":"","format":"standard","meta":{"footnotes":""},"categories":[1,41],"tags":[74,1822,40,4640,3311],"aioseo_notices":[],"_links":{"self":[{"href":"https:\/\/infois.ro\/index.php?rest_route=\/wp\/v2\/posts\/24309"}],"collection":[{"href":"https:\/\/infois.ro\/index.php?rest_route=\/wp\/v2\/posts"}],"about":[{"href":"https:\/\/infois.ro\/index.php?rest_route=\/wp\/v2\/types\/post"}],"author":[{"embeddable":true,"href":"https:\/\/infois.ro\/index.php?rest_route=\/wp\/v2\/users\/2"}],"replies":[{"embeddable":true,"href":"https:\/\/infois.ro\/index.php?rest_route=%2Fwp%2Fv2%2Fcomments&post=24309"}],"version-history":[{"count":4,"href":"https:\/\/infois.ro\/index.php?rest_route=\/wp\/v2\/posts\/24309\/revisions"}],"predecessor-version":[{"id":24315,"href":"https:\/\/infois.ro\/index.php?rest_route=\/wp\/v2\/posts\/24309\/revisions\/24315"}],"wp:featuredmedia":[{"embeddable":true,"href":"https:\/\/infois.ro\/index.php?rest_route=\/wp\/v2\/media\/24310"}],"wp:attachment":[{"href":"https:\/\/infois.ro\/index.php?rest_route=%2Fwp%2Fv2%2Fmedia&parent=24309"}],"wp:term":[{"taxonomy":"category","embeddable":true,"href":"https:\/\/infois.ro\/index.php?rest_route=%2Fwp%2Fv2%2Fcategories&post=24309"},{"taxonomy":"post_tag","embeddable":true,"href":"https:\/\/infois.ro\/index.php?rest_route=%2Fwp%2Fv2%2Ftags&post=24309"}],"curies":[{"name":"wp","href":"https:\/\/api.w.org\/{rel}","templated":true}]}}