{"id":24343,"date":"2016-07-13T08:34:00","date_gmt":"2016-07-13T05:34:00","guid":{"rendered":"http:\/\/infois.ro\/?p=24343"},"modified":"2016-07-13T08:34:00","modified_gmt":"2016-07-13T05:34:00","slug":"franta-isi-deschide-agentie-consulara-la-iasi","status":"publish","type":"post","link":"https:\/\/infois.ro\/?p=24343","title":{"rendered":"Fran\u021ba \u00ee\u0219i deschide agen\u021bie consular\u0103 la Ia\u0219i"},"content":{"rendered":"<p style=\"text-align: justify;\"><a href=\"http:\/\/infois.ro\/wp-content\/uploads\/2016\/07\/agentie-consulara.jpg\"><img loading=\"lazy\" decoding=\"async\" class=\"alignleft  wp-image-24344\" src=\"http:\/\/infois.ro\/wp-content\/uploads\/2016\/07\/agentie-consulara.jpg\" alt=\"agentie consulara\" width=\"275\" height=\"202\" srcset=\"https:\/\/infois.ro\/wp-content\/uploads\/2016\/07\/agentie-consulara.jpg 640w, https:\/\/infois.ro\/wp-content\/uploads\/2016\/07\/agentie-consulara-300x220.jpg 300w\" sizes=\"(max-width: 275px) 100vw, 275px\" \/><\/a><\/p>\n<p style=\"text-align: justify;\">Primarul Mihai Chirica a primit mar\u021bi, 12 iulie, la Palatul Roznovanu, vizita unei delega\u021bii a Ambasadei Republicii Franceze la Bucure\u0219ti, format\u0103 din Excelen\u021ba Sa Fran\u00e7ois Saint-Paul, ambasador, Alexis-Gilles Grand, consul general al Ambasadei, Alain Ramette, directorul Institutului Francez Ia\u0219i, \u0219i Raluca V\u00e2rlan, responsabil proiecte culturale \u00een cadrul Institutului Francez Ia\u0219i. Reprezentan\u021bii Ambasadei se afl\u0103 la Ia\u0219i cu ocazia manifest\u0103rilor dedicate Zilei Na\u021bionale a Fran\u021bei \u0219i pentru a participa la ceremonia de inaugurare a Agen\u021biei Consulare a Fran\u021bei pentru regiunea Moldovei la Ia\u0219i, agen\u021bie g\u0103zduit\u0103, al\u0103turi de Institutul Francez, de Casa Racovi\u021b\u0103. \u201dDiscu\u021biile s-au derulat \u00eentr-o not\u0103 foarte amical\u0103, fiind abordate subiecte majore legate de soarta Uniunii Europene dup\u0103 Brexit \u0219i rolul Rom\u00e2niei \u00een perioada urm\u0103toare, necesitatea ca Rom\u00e2nia s\u0103 \u00ee\u0219i asume un rol mai activ \u00een negocierea destina\u021biei fondurilor europene \u0219i crearea unui instrument de convergen\u021b\u0103 economic\u0103 \u0219i social\u0103 din fondurile neabsorbite care s\u0103 asigure dezvoltarea celor trei dimensiuni esen\u021biale ale statului rom\u00e2n: educa\u021bie, s\u0103n\u0103tate \u0219i administra\u021bie. Excelen\u021ba Sa a subliniat necesitatea ca proiectul de \u021bar\u0103 al Rom\u00e2niei s\u0103 includ\u0103 cele trei componente men\u021bionate, precum \u0219i necesitatea ca administra\u021bia rom\u00e2neasc\u0103 s\u0103 fie profesionalizat\u0103, eventual cu expertiz\u0103 francez\u0103. Mesajul principal transmis de Excelen\u021ba Sa este c\u0103 Fran\u021ba este un aliat al Rom\u00e2niei \u0219i dore\u0219te s\u0103 o sprijine pentru \u00eent\u0103rirea pozi\u021biei sale \u00een Uniunea European\u0103. \u00cen aceea\u0219i ordine de idei, Excelen\u021ba Sa \u0219i-a manifestat disponibilitatea de a sprijini parteneriatul Municipiului Ia\u0219i cu ora\u0219e din Fran\u021ba \u00een vederea \u00eent\u0103ririi capacit\u0103\u021bii administrative \u0219i de a identifica un ora\u0219 francez similar Ia\u0219ului pentru semnarea unei noi \u00eenfr\u0103\u021biri\u201d, se precizeaz\u0103 \u00eentr-un comunicat al Biroului de pres\u0103 al Prim\u0103riei.<\/p>\n","protected":false},"excerpt":{"rendered":"<p>Primarul Mihai Chirica a primit mar\u021bi, 12 iulie, la Palatul Roznovanu, vizita unei delega\u021bii a&#8230; <a class=\"meta-more\" href=\"https:\/\/infois.ro\/?p=24343\">more <span class=\"meta-nav\">&raquo;<\/span><\/a><\/p>\n","protected":false},"author":2,"featured_media":24344,"comment_status":"open","ping_status":"closed","sticky":false,"template":"","format":"standard","meta":{"footnotes":""},"categories":[1,41],"tags":[74,8402,8401,395,40,296],"aioseo_notices":[],"_links":{"self":[{"href":"https:\/\/infois.ro\/index.php?rest_route=\/wp\/v2\/posts\/24343"}],"collection":[{"href":"https:\/\/infois.ro\/index.php?rest_route=\/wp\/v2\/posts"}],"about":[{"href":"https:\/\/infois.ro\/index.php?rest_route=\/wp\/v2\/types\/post"}],"author":[{"embeddable":true,"href":"https:\/\/infois.ro\/index.php?rest_route=\/wp\/v2\/users\/2"}],"replies":[{"embeddable":true,"href":"https:\/\/infois.ro\/index.php?rest_route=%2Fwp%2Fv2%2Fcomments&post=24343"}],"version-history":[{"count":1,"href":"https:\/\/infois.ro\/index.php?rest_route=\/wp\/v2\/posts\/24343\/revisions"}],"predecessor-version":[{"id":24345,"href":"https:\/\/infois.ro\/index.php?rest_route=\/wp\/v2\/posts\/24343\/revisions\/24345"}],"wp:featuredmedia":[{"embeddable":true,"href":"https:\/\/infois.ro\/index.php?rest_route=\/wp\/v2\/media\/24344"}],"wp:attachment":[{"href":"https:\/\/infois.ro\/index.php?rest_route=%2Fwp%2Fv2%2Fmedia&parent=24343"}],"wp:term":[{"taxonomy":"category","embeddable":true,"href":"https:\/\/infois.ro\/index.php?rest_route=%2Fwp%2Fv2%2Fcategories&post=24343"},{"taxonomy":"post_tag","embeddable":true,"href":"https:\/\/infois.ro\/index.php?rest_route=%2Fwp%2Fv2%2Ftags&post=24343"}],"curies":[{"name":"wp","href":"https:\/\/api.w.org\/{rel}","templated":true}]}}