{"id":24352,"date":"2016-07-13T15:15:22","date_gmt":"2016-07-13T12:15:22","guid":{"rendered":"http:\/\/infois.ro\/?p=24352"},"modified":"2016-07-13T15:26:04","modified_gmt":"2016-07-13T12:26:04","slug":"primaria-trece-la-supralargirea-partii-carosabile-in-zona-podului-din-tudor-vladimirescu","status":"publish","type":"post","link":"https:\/\/infois.ro\/?p=24352","title":{"rendered":"Prim\u0103ria trece la supral\u0103rgirea p\u0103r\u021bii carosabile \u00een zona podului din Tudor Vladimirescu"},"content":{"rendered":"<p style=\"text-align: justify;\"><a href=\"http:\/\/infois.ro\/wp-content\/uploads\/2016\/07\/pod-tudor-vladimirescu.jpg\"><img loading=\"lazy\" decoding=\"async\" class=\"alignleft  wp-image-24360\" src=\"http:\/\/infois.ro\/wp-content\/uploads\/2016\/07\/pod-tudor-vladimirescu.jpg\" alt=\"pod tudor vladimirescu\" width=\"302\" height=\"189\" srcset=\"https:\/\/infois.ro\/wp-content\/uploads\/2016\/07\/pod-tudor-vladimirescu.jpg 640w, https:\/\/infois.ro\/wp-content\/uploads\/2016\/07\/pod-tudor-vladimirescu-300x187.jpg 300w\" sizes=\"(max-width: 302px) 100vw, 302px\" \/><\/a><\/p>\n<p style=\"text-align: justify;\">Pe ordinea de zi a \u0219edin\u021bei de vineri, 15 iulie, a Consiliului Local Municipal (CLM) se va afla \u0219i un proiect de hot\u0103r\u00e2re care prevede aprobarea indicatorilor tehnico-economici \u00een vederea execu\u021biei lucr\u0103rilor de reabilitare a mai multor \u201dpachete de str\u0103zi\u201d din municipiu. Printre acestea, str. I.C. Constantineanu, str. Petre Vancea (cartierul Bucium), str. Mo\u0219u (cartierul T\u0103t\u0103ra\u0219i) \u0219i str. Ogorului (cartierul Crucea Ro\u0219ie \u2013 Muntenimii) \u0219i, respectiv, str. Mihail Kog\u0103lniceanu, str. Ralet \u0219i str. Theodor Pallady (cartierul Copou &#8211; S\u0103r\u0103rie). Potrivit primarului Mihai Chirica, valoarea lucr\u0103rilor de execu\u021bie a primelor patru str\u0103zi se ridic\u0103 \u00eentre 5 \u0219i 11 miliarde de lei vechi. \u00cen alt\u0103 ordine de idei, \u0219eful municipalit\u0103\u021bii a anun\u021bat c\u0103 Prim\u0103ria va scoate \u00een perioada urm\u0103toare la licita\u021bie proiectarea \u0219i execu\u021bia lucr\u0103rilor de extindere de la dou\u0103 la trei benzi de circula\u021bie pe sens a tronsonului cuprins de carosabil de pe podul peste r\u00e2ul Bahlui, din dreptul Facult\u0103\u021bii de Chimie. \u201dPe m\u0103sur\u0103 ce vii dinspre Buc\u0219inescu c\u0103tre podul peste Bahlui din Tudor Vladimirescu,\u00a0 la un moment dat, partea carosabil\u0103 se \u00eengusteaz\u0103, \u00een zona Facult\u0103\u021bii de Chimie, de la trei la dou\u0103 benzi de circula\u021bie. Nu am \u00een\u021beles care a fost motivul care a stat la baza acestei \u00eengust\u0103ri, \u00eens\u0103 prin tema de proiectare pe care noi am realizat-o \u0219i am \u0219i scos-o la licita\u021bie, dorim ca, \u00een final, circula\u021bia pe pod s\u0103 revin\u0103 la trei benzi pe sens \u0219i astfel, \u00een zon\u0103 s\u0103 se revin\u0103 la o circula\u021bie fluent\u0103 dinspre Buc\u0219inescu c\u0103tre Calea Chi\u0219in\u0103ului, asta cu at\u00e2t mai mult cu c\u00e2t, \u00een cel mai scurt timp urmeaz\u0103 s\u0103 trecem la modernizarea c\u0103ii de rulare a tramvaielor pe tronsonul Buc\u0219inescu \u2013 Calea Chi\u0219in\u0103ului, cu fonduri de la Uniunea European\u0103\u201d, a afirmat, miercuri, \u00eentr-o conferin\u021b\u0103 de pres\u0103, primarul Mihai Chirica.<\/p>\n","protected":false},"excerpt":{"rendered":"<p>Pe ordinea de zi a \u0219edin\u021bei de vineri, 15 iulie, a Consiliului Local Municipal (CLM)&#8230; <a class=\"meta-more\" href=\"https:\/\/infois.ro\/?p=24352\">more <span class=\"meta-nav\">&raquo;<\/span><\/a><\/p>\n","protected":false},"author":2,"featured_media":24360,"comment_status":"open","ping_status":"closed","sticky":false,"template":"","format":"standard","meta":{"footnotes":""},"categories":[1,41],"tags":[74,40,8405,2700,8404],"aioseo_notices":[],"_links":{"self":[{"href":"https:\/\/infois.ro\/index.php?rest_route=\/wp\/v2\/posts\/24352"}],"collection":[{"href":"https:\/\/infois.ro\/index.php?rest_route=\/wp\/v2\/posts"}],"about":[{"href":"https:\/\/infois.ro\/index.php?rest_route=\/wp\/v2\/types\/post"}],"author":[{"embeddable":true,"href":"https:\/\/infois.ro\/index.php?rest_route=\/wp\/v2\/users\/2"}],"replies":[{"embeddable":true,"href":"https:\/\/infois.ro\/index.php?rest_route=%2Fwp%2Fv2%2Fcomments&post=24352"}],"version-history":[{"count":3,"href":"https:\/\/infois.ro\/index.php?rest_route=\/wp\/v2\/posts\/24352\/revisions"}],"predecessor-version":[{"id":24361,"href":"https:\/\/infois.ro\/index.php?rest_route=\/wp\/v2\/posts\/24352\/revisions\/24361"}],"wp:featuredmedia":[{"embeddable":true,"href":"https:\/\/infois.ro\/index.php?rest_route=\/wp\/v2\/media\/24360"}],"wp:attachment":[{"href":"https:\/\/infois.ro\/index.php?rest_route=%2Fwp%2Fv2%2Fmedia&parent=24352"}],"wp:term":[{"taxonomy":"category","embeddable":true,"href":"https:\/\/infois.ro\/index.php?rest_route=%2Fwp%2Fv2%2Fcategories&post=24352"},{"taxonomy":"post_tag","embeddable":true,"href":"https:\/\/infois.ro\/index.php?rest_route=%2Fwp%2Fv2%2Ftags&post=24352"}],"curies":[{"name":"wp","href":"https:\/\/api.w.org\/{rel}","templated":true}]}}