{"id":24356,"date":"2016-07-13T15:18:25","date_gmt":"2016-07-13T12:18:25","guid":{"rendered":"http:\/\/infois.ro\/?p=24356"},"modified":"2016-07-13T15:18:25","modified_gmt":"2016-07-13T12:18:25","slug":"imprumut-in-valoare-de-15-milioane-de-euro-contractat-de-municipalitate-pentru-achizitionarea-de-autobuze-noi","status":"publish","type":"post","link":"https:\/\/infois.ro\/?p=24356","title":{"rendered":"\u00cemprumut \u00een valoare de 15 milioane de euro, contractat de municipalitate pentru achizi\u021bionarea de autobuze noi"},"content":{"rendered":"<p style=\"text-align: justify;\"><a href=\"http:\/\/infois.ro\/wp-content\/uploads\/2016\/01\/chirica.jpg\"><img loading=\"lazy\" decoding=\"async\" class=\"alignleft  wp-image-21509\" src=\"http:\/\/infois.ro\/wp-content\/uploads\/2016\/01\/chirica.jpg\" alt=\"chirica\" width=\"332\" height=\"187\" srcset=\"https:\/\/infois.ro\/wp-content\/uploads\/2016\/01\/chirica.jpg 600w, https:\/\/infois.ro\/wp-content\/uploads\/2016\/01\/chirica-300x169.jpg 300w, https:\/\/infois.ro\/wp-content\/uploads\/2016\/01\/chirica-140x80.jpg 140w\" sizes=\"(max-width: 332px) 100vw, 332px\" \/><\/a><\/p>\n<p style=\"text-align: justify;\">Prim\u0103ria va contracta un \u00eemprumut \u00een valoare de 15 milioane de euro \u00een vederea achizi\u021bion\u0103rii unui num\u0103r de 75 de autobuze noi, care urmeaz\u0103 s\u0103 \u00eenlocuiasc\u0103 actualul parc auto al regiei locale de transport \u00een comun. Potrivit primarului Mihai Chirica, \u00eemprumutul, absolut necesar \u00een condi\u021biile \u00een care cu ajutorul fondurilor europene nerambursabile urmeaz\u0103 s\u0103 fie achizi\u021bionate, \u00een perioada urm\u0103toare, mijloace electrice de transport \u00een comun noi \u0219i s\u0103 fie, de asemenea, continuat proiectul de modernizare a c\u0103ii de rulare a tramvaielor, nu va \u00eendatora bugetul municipiului Ia\u0219i. \u201dEste o m\u0103sur\u0103 de care ie\u0219enii au nevoie \u0219i care face parte din planul de m\u0103suri care prive\u0219te modernizarea transportului \u00een comun din municipiu. Prin finan\u021barea cu fonduri europene nu putem s\u0103 aducem autobuze noi, iar prin planul de transport, Prim\u0103ria nu poate face abstrac\u021bie de prezen\u021ba autobuzelor noi, pentru acoperirea tuturor traseelor din ora\u0219. \u00cemprumutul vizeaz\u0103 o sum\u0103 de 15 milioane de euro, acest model de finan\u021bare fiind aplicat \u0219i de alte ora\u0219e din \u021bar\u0103, printre care Sibiu, Bra\u0219ov, Arad, Pite\u0219ti, Cluj \u0219i Timi\u0219oara. Cele 75 de autobuze noi, care vor fi achizi\u021bionate \u00een urma \u00eemprumutului BERD, la care se adaug\u0103 cele 12 autobuze noi, care vor fi cump\u0103rate cu fondurile Prim\u0103riei, vor asigura, credem noi, necesarul pentru acoperirea tuturor traselor din municipiu\u201d, a declarat primarul Mihai Chirica, miercuri, \u00eentr-o conferin\u021b\u0103 de pres\u0103. Potrivit edilului, re\u00eennoirea parcului auto al RATP reprezint\u0103 primul pas \u00een procesul de modernizare a\u00a0 transportului \u00een comun din ora\u0219 \u0219i de implementare a transportului urban la nivel metropolitan. \u201dPrin acest \u00eemprumut nu va fi afectat gradul de \u00eendatorare al municipiului Ia\u0219i \u0219i niciun alt proiect de investi\u021bii, derulat la nivelul Prim\u0103riei, nu va avea de suferit. Avem suma necesar\u0103 pentru rambursarea acestui credit \u0219i suntem \u00een m\u0103sur\u0103 s\u0103 mergem mai departe cu acest proiect. Avem nevoie de expertiza BERD pentru a putea implementa acest proiect, aceasta fiind oferit\u0103 \u00een mod gratuit municipiului Ia\u0219i. Aceast\u0103 consultan\u021b\u0103 gratuit\u0103 este foarte important\u0103 pentru noi, pentru c\u0103 ea vine dintr-o experien\u021b\u0103 controlat\u0103 \u0219i verificat\u0103 at\u00e2t \u00een ora\u0219e din Europa Occidental\u0103, c\u00e2t \u0219i \u00een localit\u0103\u021bi importante din Rom\u00e2nia\u201d, a afirmat Mihai Chirica. Reamintim c\u0103, al\u0103turi de cele 75 de autobuze noi, care vor fi cump\u0103rate cu banii ob\u021binu\u021bi din creditul BERD, \u00een aceast\u0103 toamn\u0103 vor ajunge la Ia\u0219i \u0219i cele 12 autobuze noi, achizi\u021bionate din fondurile proprii ale Prim\u0103riei. \u201dToate cele 87 de unit\u0103\u021bi noi vor avea norma de poluare Euro 6, podea joas\u0103, aer condi\u021bionat \u0219i rampe pentru urcarea\/debarcarea persoanelor cu dizabilit\u0103\u021bi\u201d, a precizat edilul. Potrivit \u0219efului municipalit\u0103\u021bii ie\u0219ene, \u00een paralel cu achizi\u021bionarea de autobuze noi, \u00een perioada urm\u0103toare, autorit\u0103\u021bile locale vor continua programul de reabilitare a c\u0103ii de rulare a tramvaielor, prin intermediul fondurilor nerambursabile puse la dispozi\u021bie de Uniunea European\u0103 \u00een exerci\u021biul financiar 2014-2020. \u201dEste vorba despre reabilitarea \u0219i modernizarea c\u0103ii de rulare a tramvaielor din zona P\u0103durii \u2013 Nicori\u021b\u0103, Buc\u0219inescu \u2013 Tudor Vladimirescu \u2013 Calea Chi\u0219in\u0103ului, Doi B\u0103ie\u021bi \u2013 Dancu \u0219i Podu Ro\u0219 &#8211; \u021au\u021bora \u2013 Zona Industrial\u0103\u201d, a ad\u0103ugat primarul.<\/p>\n<p style=\"text-align: justify;\">\n","protected":false},"excerpt":{"rendered":"<p>Prim\u0103ria va contracta un \u00eemprumut \u00een valoare de 15 milioane de euro \u00een vederea achizi\u021bion\u0103rii&#8230; <a class=\"meta-more\" href=\"https:\/\/infois.ro\/?p=24356\">more <span class=\"meta-nav\">&raquo;<\/span><\/a><\/p>\n","protected":false},"author":2,"featured_media":21509,"comment_status":"open","ping_status":"closed","sticky":false,"template":"","format":"standard","meta":{"footnotes":""},"categories":[1,41],"tags":[74,665,867,5121,889,40],"aioseo_notices":[],"_links":{"self":[{"href":"https:\/\/infois.ro\/index.php?rest_route=\/wp\/v2\/posts\/24356"}],"collection":[{"href":"https:\/\/infois.ro\/index.php?rest_route=\/wp\/v2\/posts"}],"about":[{"href":"https:\/\/infois.ro\/index.php?rest_route=\/wp\/v2\/types\/post"}],"author":[{"embeddable":true,"href":"https:\/\/infois.ro\/index.php?rest_route=\/wp\/v2\/users\/2"}],"replies":[{"embeddable":true,"href":"https:\/\/infois.ro\/index.php?rest_route=%2Fwp%2Fv2%2Fcomments&post=24356"}],"version-history":[{"count":1,"href":"https:\/\/infois.ro\/index.php?rest_route=\/wp\/v2\/posts\/24356\/revisions"}],"predecessor-version":[{"id":24357,"href":"https:\/\/infois.ro\/index.php?rest_route=\/wp\/v2\/posts\/24356\/revisions\/24357"}],"wp:featuredmedia":[{"embeddable":true,"href":"https:\/\/infois.ro\/index.php?rest_route=\/wp\/v2\/media\/21509"}],"wp:attachment":[{"href":"https:\/\/infois.ro\/index.php?rest_route=%2Fwp%2Fv2%2Fmedia&parent=24356"}],"wp:term":[{"taxonomy":"category","embeddable":true,"href":"https:\/\/infois.ro\/index.php?rest_route=%2Fwp%2Fv2%2Fcategories&post=24356"},{"taxonomy":"post_tag","embeddable":true,"href":"https:\/\/infois.ro\/index.php?rest_route=%2Fwp%2Fv2%2Ftags&post=24356"}],"curies":[{"name":"wp","href":"https:\/\/api.w.org\/{rel}","templated":true}]}}