{"id":24445,"date":"2016-07-19T08:41:06","date_gmt":"2016-07-19T05:41:06","guid":{"rendered":"http:\/\/infois.ro\/?p=24445"},"modified":"2016-07-19T08:41:06","modified_gmt":"2016-07-19T05:41:06","slug":"iluminat-public-modern-pentru-locuitorii-din-zona-gradinari","status":"publish","type":"post","link":"https:\/\/infois.ro\/?p=24445","title":{"rendered":"Iluminat public modern pentru locuitorii din zona Gr\u0103dinari"},"content":{"rendered":"<p style=\"text-align: justify;\"><a href=\"http:\/\/infois.ro\/wp-content\/uploads\/2016\/07\/gradinari.jpg\"><img loading=\"lazy\" decoding=\"async\" class=\"alignleft  wp-image-24446\" src=\"http:\/\/infois.ro\/wp-content\/uploads\/2016\/07\/gradinari.jpg\" alt=\"gradinari\" width=\"301\" height=\"199\" srcset=\"https:\/\/infois.ro\/wp-content\/uploads\/2016\/07\/gradinari.jpg 640w, https:\/\/infois.ro\/wp-content\/uploads\/2016\/07\/gradinari-300x197.jpg 300w\" sizes=\"(max-width: 301px) 100vw, 301px\" \/><\/a><\/p>\n<p style=\"text-align: justify;\">Primarul Mihai Chirica a participat luni, 18 iulie, la recep\u021bia lucr\u0103rilor de modernizare prin extindere a iluminatului public din zona Gr\u0103dinari. Lucr\u0103rile au fost executate de societatea Electroaxa SRL din Suceava, iar valoarea total\u0103 a lucr\u0103rilor s-a ridicat la 277.800 de lei, inclusiv TVA. Lucr\u0103rile au durat circa trei luni \u0219i au constat \u00een montarea a 33 de st\u00e2lpi de iluminat de tip solar cu panouri fotovoltaice. St\u00e2lpii au o \u00een\u0103l\u021bime de \u0219ase metri \u0219i sunt dota\u021bi cu l\u0103mpi de tip LED. Puterea unei l\u0103mpi este de 50 W, iar puterea panoului solar de 80 W, astfel c\u0103 re\u021beaua se poate autosus\u021bine. Sistemul este conectat \u0219i la re\u021beaua de iluminat public, care intr\u0103 \u00een func\u021biune \u00een caz de vreme nefavorabil\u0103. \u00a0\u201d\u00cen aceast\u0103 zon\u0103 sunt locuin\u021bele sociale \u0219i blocurile ANL, iar iluminatul public era o problem\u0103 care dura de mai mult\u0103 vreme. Investi\u021bia a venit ca urmare a solicit\u0103rilor locuitorilor, transmise \u00een cadrul \u00eent\u00e2lnirilor pe care le-am avut cu ace\u0219tia. Re\u021beaua de iluminat este una ecologic\u0103 \u0219i economic\u0103 \u0219i asigura confortul \u0219i siguran\u021ba pe timpul nop\u021bii pentru popula\u021bia din zon\u0103\u201d, a declarat primarul Mihai Chirica.<\/p>\n","protected":false},"excerpt":{"rendered":"<p>Primarul Mihai Chirica a participat luni, 18 iulie, la recep\u021bia lucr\u0103rilor de modernizare prin extindere&#8230; <a class=\"meta-more\" href=\"https:\/\/infois.ro\/?p=24445\">more <span class=\"meta-nav\">&raquo;<\/span><\/a><\/p>\n","protected":false},"author":2,"featured_media":24446,"comment_status":"open","ping_status":"closed","sticky":false,"template":"","format":"standard","meta":{"footnotes":""},"categories":[1,41],"tags":[74,8420,40,327,5346],"aioseo_notices":[],"_links":{"self":[{"href":"https:\/\/infois.ro\/index.php?rest_route=\/wp\/v2\/posts\/24445"}],"collection":[{"href":"https:\/\/infois.ro\/index.php?rest_route=\/wp\/v2\/posts"}],"about":[{"href":"https:\/\/infois.ro\/index.php?rest_route=\/wp\/v2\/types\/post"}],"author":[{"embeddable":true,"href":"https:\/\/infois.ro\/index.php?rest_route=\/wp\/v2\/users\/2"}],"replies":[{"embeddable":true,"href":"https:\/\/infois.ro\/index.php?rest_route=%2Fwp%2Fv2%2Fcomments&post=24445"}],"version-history":[{"count":1,"href":"https:\/\/infois.ro\/index.php?rest_route=\/wp\/v2\/posts\/24445\/revisions"}],"predecessor-version":[{"id":24447,"href":"https:\/\/infois.ro\/index.php?rest_route=\/wp\/v2\/posts\/24445\/revisions\/24447"}],"wp:featuredmedia":[{"embeddable":true,"href":"https:\/\/infois.ro\/index.php?rest_route=\/wp\/v2\/media\/24446"}],"wp:attachment":[{"href":"https:\/\/infois.ro\/index.php?rest_route=%2Fwp%2Fv2%2Fmedia&parent=24445"}],"wp:term":[{"taxonomy":"category","embeddable":true,"href":"https:\/\/infois.ro\/index.php?rest_route=%2Fwp%2Fv2%2Fcategories&post=24445"},{"taxonomy":"post_tag","embeddable":true,"href":"https:\/\/infois.ro\/index.php?rest_route=%2Fwp%2Fv2%2Ftags&post=24445"}],"curies":[{"name":"wp","href":"https:\/\/api.w.org\/{rel}","templated":true}]}}