{"id":24498,"date":"2016-07-21T08:49:19","date_gmt":"2016-07-21T05:49:19","guid":{"rendered":"http:\/\/infois.ro\/?p=24498"},"modified":"2016-07-21T08:49:19","modified_gmt":"2016-07-21T05:49:19","slug":"primele-autobuze-noi-vor-ajunge-la-iasi-in-luna-septembrie","status":"publish","type":"post","link":"https:\/\/infois.ro\/?p=24498","title":{"rendered":"Primele autobuze noi vor ajunge la Ia\u0219i \u00een luna septembrie"},"content":{"rendered":"<p style=\"text-align: justify;\"><a href=\"http:\/\/infois.ro\/wp-content\/uploads\/2016\/05\/autobuz.jpg\"><img loading=\"lazy\" decoding=\"async\" class=\"alignleft  wp-image-23309\" src=\"http:\/\/infois.ro\/wp-content\/uploads\/2016\/05\/autobuz.jpg\" alt=\"autobuz\" width=\"335\" height=\"366\" srcset=\"https:\/\/infois.ro\/wp-content\/uploads\/2016\/05\/autobuz.jpg 640w, https:\/\/infois.ro\/wp-content\/uploads\/2016\/05\/autobuz-274x300.jpg 274w\" sizes=\"(max-width: 335px) 100vw, 335px\" \/><\/a><\/p>\n<p style=\"text-align: justify;\">Primele autobuze noi, achizi\u021bionate de Prim\u0103rie cu fonduri de la bugetul local, vor ajunge la Ia\u0219i cel mai probabil la sf\u00e2r\u0219itul lunii septembrie, a anun\u021bat, miercuri, primarul Mihai Chirica. \u00centr-o conferin\u021b\u0103 de pres\u0103, care a avut loc la Palatul Roznovanu, \u0219eful municipalit\u0103\u021bii a precizat c\u0103 cele 12 autobuzele noi, cu norma de poluare Euro 6, au o lungime de 12 metri, podea joas\u0103, ramp\u0103 pentru urcarea\/debarcarea persoanelor cu dizabilit\u0103\u021bi, aer condi\u021bionat \u0219i sistem de supraveghere video, acestea fiind achizi\u021bionate \u00een urma licita\u021biei care a avut loc \u00een aceast\u0103 var\u0103. Autovehiculele, cu o lungime de 12 metri, au o capacitate de 103 persoane \u0219i au costat, fiecare, circa 160.000 de euro bucata. \u00cen ceea ce prive\u0219te cele 75 de autobuze noi, care urmeaz\u0103 s\u0103 fie cump\u0103rate de Prim\u0103rie \u00een urma creditului contractat cu Banca European\u0103 pentru Reconstruc\u021bie \u0219i Dezvoltare (BERD), acestea vor ajunge la Ia\u0219i, cel mai devreme, \u00een luna martie 2017, a afirmat primarul Mihai Chirica. \u201dDeja, \u00een aceast\u0103 s\u0103pt\u0103m\u00e2n\u0103, am avut o prim\u0103 discu\u021bie cu doi dintre reprezentan\u021bii BERD pe marginea creditului pentru autobuze. Discu\u021biile au fost foarte constructive. Estim\u0103m c\u0103 cel mai devreme \u00een luna martie, primul lot din totalul celor 75 de autobuze noi vor ajunge la Ia\u0219i\u201d, a spus edilul. \u00cen \u0219edin\u021ba de s\u0103pt\u0103m\u00e2na trecut\u0103, Consiliul Local Municipal (CLM) a aprobat contractarea de c\u0103tre Prim\u0103rie a unui credit \u00een valoare de 15 milioane de euro cu BERD, \u00een vederea achizi\u021bion\u0103rii unui num\u0103r de 75 de autobuze noi. \u201dPrin acest \u00eemprumut nu va fi afectat gradul de \u00eendatorare al municipiului Ia\u0219i \u0219i niciun alt proiect de investi\u021bii, derulat la nivelul Prim\u0103riei, nu va avea de suferit. Avem suma necesar\u0103 pentru rambursarea acestui credit \u0219i suntem \u00een m\u0103sur\u0103 s\u0103 mergem mai departe cu acest proiect. Avem nevoie de expertiza BERD pentru a putea implementa acest proiect, aceasta fiind oferit\u0103 \u00een mod gratuit municipiului Ia\u0219i. Aceast\u0103 consultan\u021b\u0103 gratuit\u0103 este foarte important\u0103 pentru noi, pentru c\u0103 ea vine dintr-o experien\u021b\u0103 controlat\u0103 \u0219i verificat\u0103 at\u00e2t \u00een ora\u0219e din Europa Occidental\u0103, c\u00e2t \u0219i \u00een localit\u0103\u021bi importante din Rom\u00e2nia\u201d, a declarat primarul Mihai Chirica. Toate cele 75 de autobuze noi vor avea norma de poluare Euro 6, podea joas\u0103, rampe pentru urcarea\/debarcarea persoanelor cu dizabilit\u0103\u021bi \u0219i vor fi dotate cu instala\u021bii de aer condi\u021bionat \u0219i de supraveghere video.<\/p>\n","protected":false},"excerpt":{"rendered":"<p>Primele autobuze noi, achizi\u021bionate de Prim\u0103rie cu fonduri de la bugetul local, vor ajunge la&#8230; <a class=\"meta-more\" href=\"https:\/\/infois.ro\/?p=24498\">more <span class=\"meta-nav\">&raquo;<\/span><\/a><\/p>\n","protected":false},"author":2,"featured_media":23309,"comment_status":"open","ping_status":"closed","sticky":false,"template":"","format":"standard","meta":{"footnotes":""},"categories":[1,41],"tags":[74,665,867,5121,40,846,477],"aioseo_notices":[],"_links":{"self":[{"href":"https:\/\/infois.ro\/index.php?rest_route=\/wp\/v2\/posts\/24498"}],"collection":[{"href":"https:\/\/infois.ro\/index.php?rest_route=\/wp\/v2\/posts"}],"about":[{"href":"https:\/\/infois.ro\/index.php?rest_route=\/wp\/v2\/types\/post"}],"author":[{"embeddable":true,"href":"https:\/\/infois.ro\/index.php?rest_route=\/wp\/v2\/users\/2"}],"replies":[{"embeddable":true,"href":"https:\/\/infois.ro\/index.php?rest_route=%2Fwp%2Fv2%2Fcomments&post=24498"}],"version-history":[{"count":1,"href":"https:\/\/infois.ro\/index.php?rest_route=\/wp\/v2\/posts\/24498\/revisions"}],"predecessor-version":[{"id":24499,"href":"https:\/\/infois.ro\/index.php?rest_route=\/wp\/v2\/posts\/24498\/revisions\/24499"}],"wp:featuredmedia":[{"embeddable":true,"href":"https:\/\/infois.ro\/index.php?rest_route=\/wp\/v2\/media\/23309"}],"wp:attachment":[{"href":"https:\/\/infois.ro\/index.php?rest_route=%2Fwp%2Fv2%2Fmedia&parent=24498"}],"wp:term":[{"taxonomy":"category","embeddable":true,"href":"https:\/\/infois.ro\/index.php?rest_route=%2Fwp%2Fv2%2Fcategories&post=24498"},{"taxonomy":"post_tag","embeddable":true,"href":"https:\/\/infois.ro\/index.php?rest_route=%2Fwp%2Fv2%2Ftags&post=24498"}],"curies":[{"name":"wp","href":"https:\/\/api.w.org\/{rel}","templated":true}]}}