{"id":24529,"date":"2016-07-24T18:44:45","date_gmt":"2016-07-24T15:44:45","guid":{"rendered":"http:\/\/infois.ro\/?p=24529"},"modified":"2016-07-25T08:59:52","modified_gmt":"2016-07-25T05:59:52","slug":"primarul-chirica-ii-acuza-pe-liberali-de-demagogie-in-problema-autobuzelor-noi","status":"publish","type":"post","link":"https:\/\/infois.ro\/?p=24529","title":{"rendered":"Primarul Chirica \u00eei acuz\u0103 pe liberali de demagogie \u00een problema autobuzelor noi"},"content":{"rendered":"<p style=\"text-align: justify;\"><a href=\"http:\/\/infois.ro\/wp-content\/uploads\/2016\/07\/autobuz.jpg\"><img loading=\"lazy\" decoding=\"async\" class=\"alignleft  wp-image-24239\" src=\"http:\/\/infois.ro\/wp-content\/uploads\/2016\/07\/autobuz.jpg\" alt=\"autobuz\" width=\"311\" height=\"186\" srcset=\"https:\/\/infois.ro\/wp-content\/uploads\/2016\/07\/autobuz.jpg 640w, https:\/\/infois.ro\/wp-content\/uploads\/2016\/07\/autobuz-300x179.jpg 300w\" sizes=\"(max-width: 311px) 100vw, 311px\" \/><\/a><\/p>\n<p style=\"text-align: justify;\">Dup\u0103 ce reprezentan\u0163ii PNL au anun\u021bat c\u0103 inten\u021bioneaz\u0103 s\u0103 convoace un referendum \u00een cadrul c\u0103ruia cet\u0103\u021benii s\u0103 fie consulta\u021bi asupra modului \u00een care urmeaz\u0103 s\u0103 fie achizi\u021bionate cele 75 de autobuze noi, fie prin contractarea unui \u00eemprumut de la Banca European\u0103 pentru Reconstruc\u021bie \u0219i Dezvoltare (BERD) \u2013 m\u0103sur\u0103 ini\u021biat\u0103 de primarul Mihai Chirica \u0219i aprobat\u0103 de Consiliul Local Municipal \u00een \u0219edin\u021ba din 15 iulie, fie prin accesarea de fonduri europene nerambursabile, prin Programul Opera\u021bional Regional (POR) 2014-2020 al Uniunii Europene, primarul Mihai Chirica a reac\u0163ionat cu fermitate: \u201d\u00cen primul r\u00e2nd, liberalii mint atunci c\u00e2nd vorbesc de o a\u0219a-zis\u0103 alternativ\u0103 \u00eentre \u00abbanii gratis\u00bb de la Uniunea European\u0103 \u0219i creditul de la BERD. Fondurile alocate prin POR &#8211; Axa 4.1 pot fi utilizate pentru achizi\u021bia de tramvaie \u0219i autobuze electrice noi, nicidecum pentru autobuze, a\u0219a cum inten\u021bion\u0103m noi s\u0103 cump\u0103r\u0103m. Ca atare, dac\u0103 am \u00eencerca s\u0103 depunem un proiect de achizi\u021bie de autobuze \u00abclasice\u00bb, am pierde timp pre\u021bios pentru un demers inutil, timp \u00een care ie\u0219enii vor fi lipsi\u021bi de transportul public modern pe care ni-l dorim cu to\u021bii. Documentele europene arat\u0103 destul de clar ce putem cump\u0103ra \u0219i ce nu. Dac\u0103 fondurile sunt destinate achizi\u021biei de tramvaie \u0219i autobuze electrice, ar fi stupid s\u0103 vrem s\u0103 cump\u0103r\u0103m avioane, de pild\u0103&#8230; \u00cen al doilea r\u00e2nd, chiar dac\u0103 am avea o \u0219ans\u0103 s\u0103 achizi\u021bion\u0103m autobuze prin POR, timpul necesar dep\u0103\u0219e\u0219te mult orizontul de a\u0219teptare al ie\u0219enilor. Cu siguran\u021b\u0103, \u00eens\u0103, dac\u0103 va exista o oportunitate real\u0103 de a achizi\u021biona autobuze cu fonduri europene, nu vom \u00eent\u00e2rzia s\u0103 depunem un proiect \u00een acest scop. \u00cen privin\u021ba creditului de la BERD, estim\u0103m c\u0103 la sf\u00e2r\u0219itul acestui an vom finaliza negocierile cu institu\u021bia bancar\u0103 \u0219i vom lansa imediat \u0219i procedurile de achizi\u021bie. \u00cen ceea ce prive\u0219te Axa 4.1, dup\u0103 cum recunosc \u0219i liberalii, data \u00eenchiderii apelului de proiecte este abia luna iunie a anului viitor. Ad\u0103ug\u00e2nd procedurile de evaluare, apoi cele de achizi\u021bie, ajungem la o perioad\u0103 considerabil\u0103 \u00een care modernizarea transportului public ar fi practic blocat\u0103. \u00cen al treilea r\u00e2nd, liberalii ori se fac c\u0103 nu \u0219tiu, ori chiar le lipse\u0219te \u00een\u021belegerea aspectului elementar c\u0103 fondurile europene sunt limitate, dar acoper\u0103 o gam\u0103 mult mai larg\u0103 de proiecte. Neav\u00e2nd responsabilitatea direct\u0103 a administr\u0103rii ora\u0219ului, liberalii pot avea cele mai fanteziste propuneri, singurul lor obiectiv fiind acela al beneficiilor electorale. Noi, \u00eens\u0103, administra\u021bia local\u0103, avem obliga\u021bia ca din fondurile disponibile prin Axa 4.1 s\u0103 dr\u0103muim investi\u021biile \u00een a\u0219a fel \u00eenc\u00e2t s\u0103 acoperim c\u00e2t mai multe nevoi ale ora\u0219ului: s\u0103 finaliz\u0103m \u0219i modernizarea c\u0103ii de rulare a tramvaielor (liniile de tramvai Ia\u0219i &#8211; Dancu, Cinci Drumuri &#8211; Ba\u0219 Ceau\u0219, Buc\u0219inescu &#8211; Calea Chi\u0219in\u0103ului, Podu Ro\u0219 &#8211; \u021aes\u0103tura, Tepro &#8211; \u021au\u021bora \u0219i Pod Sf. Ioan &#8211; Rond Dancu), s\u0103 moderniz\u0103m \u0219i eventual s\u0103 cump\u0103r\u0103m tramvaie noi, s\u0103 implement\u0103m sistemul de e-ticketing, s\u0103 amenaj\u0103m puncte intermodale de transfer \u00een transportul public, s\u0103 construim parc\u0103ri de tip Park &amp; Ride, iar pe l\u00e2ng\u0103 acestea s\u0103 continu\u0103m \u0219i investi\u021biile \u00een educa\u021bie \u0219i cultur\u0103. Prin Axa 4.1, pentru toate proiectele de mobilitate urban\u0103 am avea la dispozi\u021bie circa 40 de milioane de euro, or \u00eentregul program de modernizare a transportului public include multe alte investi\u021bii pe l\u00e2ng\u0103 achizi\u021bia de autobuze\u201d, a precizat \u0219eful municipalit\u0103\u021bii ie\u0219ene. Pe de alt\u0103 parte, Mihai Chirica a dat ca exemplu ora\u0219ele Bra\u0219ov, Cluj \u0219i Timi\u0219oara, care sunt conduse de primari PNL \u0219i care au apelat tot la credite de la BERD pentru achizi\u021bionarea de autobuze \u00abclasice\u00bb. \u201dOare domnii Scripcaru, Boc \u0219i Robu, edili cu mai mult\u0103 experien\u021b\u0103 \u00een administra\u021bie local\u0103 dec\u00e2t are domnul Bodea \u00een orice domeniu, nu \u0219tiau c\u0103 pot folosi fonduri europene pentru modernizarea transportului public?! Oare \u0219i ace\u0219tia \u00abamaneteaz\u0103 viitorul\u00bb bra\u0219ovenilor, clujenilor \u0219i timi\u0219orenilor, a\u0219a cum s-a exprimat domnul Bodea, sau pur \u0219i simplu \u00ee\u0219i fac datoria, folosind toate fondurile disponibile pentru a rezolva c\u00e2t mai multe dintre problemele comunit\u0103\u021bilor care i-au ales?!\u201d, se \u00eentreab\u0103 retoric primarul Ia\u0219ului.<\/p>\n<p style=\"text-align: justify;\">Pe de al\u0103 parte, Mihai Chirica subliniaz\u0103 c\u0103 un eventual credit de la BERD vine cu o serie de avantaje suplimentare foarte importante. \u201dPe l\u00e2ng\u0103 timpul mult mai redus al achizi\u021biei de autobuze, vom beneficia de asisten\u021b\u0103 tehnic\u0103 \u00een toate procedurile aferente, precum \u0219i de asisten\u021b\u0103 de specialitate \u00een planul de extindere a transportului public la nivel metropolitan. Cu alte cuvinte, creditul BERD \u00eenseamn\u0103 un lot de 70-75 de autobuze care vor intra mai rapid \u00een dotarea transportului public, chiar \u00een cursul anului viitor, asisten\u021b\u0103 \u00een organizarea licita\u021biei, precum \u0219i solu\u021bii de dezvoltare ulterioar\u0103 a transportului de c\u0103l\u0103tori\u201d, afirm\u0103 \u0219eful municipalit\u0103\u021bii, care \u00een \u00eencheiere se arat\u0103 \u201drevoltat \u0219i m\u00e2hnit\u201d de modul \u00een care reprezentan\u021bii PNL trateaz\u0103 problema achizi\u021bion\u0103rii de autobuze noi la Ia\u0219i. \u201dSub pretextul c\u0103 \u00eencearc\u0103 s\u0103 lanseze o dezbatere despre felul \u00een care putem moderniza transportul public \u00een ora\u0219ul nostru, domnul Marius Bodea arunc\u0103 \u00een spa\u021biul public neadev\u0103ruri, informa\u021bii trunchiate, interpret\u0103ri tenden\u021bioase \u0219i sofisme ieftine. \u00cen loc s\u0103 propun\u0103 proiecte viabile, liberalii practic\u0103 o retoric\u0103 agresiv\u0103 \u0219i g\u0103unoas\u0103, al c\u0103rei scop nu e nicidecum g\u0103sirea de solu\u021bii pentru modernizarea transportului public, ci ob\u021binerea de capital politic pentru alegerile parlamentare (&#8230;) Noi vrem s\u0103 cump\u0103r\u0103m 70-75 de autobuze noi, iar cea mai rapid\u0103 cale ca acestea s\u0103 ajung\u0103 pe str\u0103zile Ia\u0219ului este printr-un credit de la BERD. Fondurile europene disponibile prin POR &#8211; Axa 4.1 vor acoperi alte nevoi majore ale ora\u0219ului, inclusiv proiecte de modernizare a infrastructurii \u0219i transportului public. Creditul \u0219i fondurile europene nu se exclud, a\u0219a cum pretind liberalii, ci trebuie utilizate simultan, pentru un pachet optim de investi\u021bii de care ie\u0219enii s\u0103 se bucure c\u00e2t mai cur\u00e2nd. Liberalii nu propun solu\u021bii concrete, ci fac doar o propagand\u0103 zgomotoas\u0103, menit\u0103 s\u0103 blocheze proiectele Prim\u0103riei \u0219i s\u0103 le maximizeze \u0219ansele la alegerile parlamentare de peste c\u00e2teva luni. \u00cent\u00e2rzierea dorit\u0103 de liberali a moderniz\u0103rii transportului public este un risc major pentru confortul \u0219i siguran\u021ba ie\u0219enilor. Ca primar, refuz categoric s\u0103 \u00eemi asum acest risc \u0219i voi face tot ceea ce \u00eemi st\u0103 \u00een putere pentru a moderniza \u0219i dezvolta ora\u0219ul, inclusiv transportul public, dincolo de atacurile \u0219i piedicile puse de un politician sau altul. Sunt convins c\u0103 ie\u0219enii vor \u0219ti s\u0103 discearn\u0103 \u0219i de aceast\u0103 dat\u0103, a\u0219a cum au f\u0103cut-o \u0219i pe 5 iunie, \u00eentre proiecte realiste \u0219i improviza\u021bii, \u00eentre solu\u021bii concrete \u0219i fantezii, \u00eentre seriozitate \u0219i politicianism, \u00eentre responsabilitate \u0219i demagogie\u201d, se arat\u0103 \u00een \u00eencheierea comunicatului de pres\u0103 semnat de primarul Ia\u0219ului.<\/p>\n","protected":false},"excerpt":{"rendered":"<p>Dup\u0103 ce reprezentan\u0163ii PNL au anun\u021bat c\u0103 inten\u021bioneaz\u0103 s\u0103 convoace un referendum \u00een cadrul c\u0103ruia&#8230; <a class=\"meta-more\" href=\"https:\/\/infois.ro\/?p=24529\">more <span class=\"meta-nav\">&raquo;<\/span><\/a><\/p>\n","protected":false},"author":2,"featured_media":24239,"comment_status":"open","ping_status":"closed","sticky":false,"template":"","format":"standard","meta":{"footnotes":""},"categories":[1,41],"tags":[74,5121,395,40,477,1569],"aioseo_notices":[],"_links":{"self":[{"href":"https:\/\/infois.ro\/index.php?rest_route=\/wp\/v2\/posts\/24529"}],"collection":[{"href":"https:\/\/infois.ro\/index.php?rest_route=\/wp\/v2\/posts"}],"about":[{"href":"https:\/\/infois.ro\/index.php?rest_route=\/wp\/v2\/types\/post"}],"author":[{"embeddable":true,"href":"https:\/\/infois.ro\/index.php?rest_route=\/wp\/v2\/users\/2"}],"replies":[{"embeddable":true,"href":"https:\/\/infois.ro\/index.php?rest_route=%2Fwp%2Fv2%2Fcomments&post=24529"}],"version-history":[{"count":1,"href":"https:\/\/infois.ro\/index.php?rest_route=\/wp\/v2\/posts\/24529\/revisions"}],"predecessor-version":[{"id":24530,"href":"https:\/\/infois.ro\/index.php?rest_route=\/wp\/v2\/posts\/24529\/revisions\/24530"}],"wp:featuredmedia":[{"embeddable":true,"href":"https:\/\/infois.ro\/index.php?rest_route=\/wp\/v2\/media\/24239"}],"wp:attachment":[{"href":"https:\/\/infois.ro\/index.php?rest_route=%2Fwp%2Fv2%2Fmedia&parent=24529"}],"wp:term":[{"taxonomy":"category","embeddable":true,"href":"https:\/\/infois.ro\/index.php?rest_route=%2Fwp%2Fv2%2Fcategories&post=24529"},{"taxonomy":"post_tag","embeddable":true,"href":"https:\/\/infois.ro\/index.php?rest_route=%2Fwp%2Fv2%2Ftags&post=24529"}],"curies":[{"name":"wp","href":"https:\/\/api.w.org\/{rel}","templated":true}]}}