{"id":24549,"date":"2016-07-26T14:17:52","date_gmt":"2016-07-26T11:17:52","guid":{"rendered":"http:\/\/infois.ro\/?p=24549"},"modified":"2016-07-26T14:17:52","modified_gmt":"2016-07-26T11:17:52","slug":"maricel-popa-ales-in-functia-de-presedinte-al-adunarii-generale-a-asociatiei-euroregiunea-siret-prut-nistru","status":"publish","type":"post","link":"https:\/\/infois.ro\/?p=24549","title":{"rendered":"Maricel Popa, ales \u00een func\u021bia de pre\u0219edinte al Adun\u0103rii Generale a Asocia\u021biei Euroregiunea Siret-Prut-Nistru"},"content":{"rendered":"<p style=\"text-align: justify;\"><a href=\"http:\/\/infois.ro\/wp-content\/uploads\/2016\/07\/maricel-popa1.jpg\"><img loading=\"lazy\" decoding=\"async\" class=\"alignleft  wp-image-24550\" src=\"http:\/\/infois.ro\/wp-content\/uploads\/2016\/07\/maricel-popa1.jpg\" alt=\"maricel popa\" width=\"266\" height=\"399\" srcset=\"https:\/\/infois.ro\/wp-content\/uploads\/2016\/07\/maricel-popa1.jpg 640w, https:\/\/infois.ro\/wp-content\/uploads\/2016\/07\/maricel-popa1-200x300.jpg 200w\" sizes=\"(max-width: 266px) 100vw, 266px\" \/><\/a><\/p>\n<p style=\"text-align: justify;\">Pre\u0219edintele Consiliului Jude\u021bean (CJ) Ia\u0219i, Maricel Popa, este noul pre\u0219edinte al Adun\u0103rii Generale a Asocia\u021biei Euroregiunea Siret-Prut-Nistru. Maricel Popa a fost ales \u00een unanimitate \u00een aceast\u0103 func\u021bie, \u00een cadrul \u015fedin\u0163ei Adun\u0103rii Generale a Asocia\u021biei Euroregiunea Siret-Prut-Nistru, desf\u0103\u0219urat\u0103 mar\u021bi, 26 iulie, la Ploie\u0219ti. \u00cen ceea ce prive\u015fte cele trei func\u0163ii de vicepre\u015fedinte, acestea au fost atribuite Consiliului Jude\u0163ean Prahova, doamnei Ludmila Sf\u00eerloag\u0103, \u015fi raioanelor H\u00e2nce\u015fti \u015fi Glodeni, din Republica Moldova, reprezentate prin pre\u015fedin\u0163ii Ghenadie Buza \u015fi Ioan Leuc\u0103. Mandatul pre\u015fedintelui Euroregiunii Siret-Prut-Nistru are o durat\u0103 de doi ani. Euroregiunea Siret-Prut-Nistru are \u00een componen\u0163\u0103 jude\u0163ele Ia\u015fi, Vaslui \u015fi Prahova, 25 de raioane din Republica Moldova, municipiul B\u0103l\u0163i \u015fi UTA G\u0103g\u0103uzia. La nivelul Asocia\u0163iei Euroregiunea Siret-Prut-Nistru exist\u0103 aceea\u015fi componen\u0163\u0103, mai pu\u0163in jude\u0163ul Vaslui, care s-a retras \u00een noiembrie 2015. Euroregiunea Siret-Prut-Nistru reprezint\u0103 o platform\u0103 de interconectare a administra\u0163iilor publice din Rom\u00e2nia \u015fi republica Moldova care se realizeaz\u0103 pe toate domeniile, fie c\u0103 vorbim despre infrastructur\u0103, agricultur\u0103, mediu, s\u0103n\u0103tate, educa\u0163ie, cultur\u0103 sau turism.<\/p>\n","protected":false},"excerpt":{"rendered":"<p>Pre\u0219edintele Consiliului Jude\u021bean (CJ) Ia\u0219i, Maricel Popa, este noul pre\u0219edinte al Adun\u0103rii Generale a Asocia\u021biei&#8230; <a class=\"meta-more\" href=\"https:\/\/infois.ro\/?p=24549\">more <span class=\"meta-nav\">&raquo;<\/span><\/a><\/p>\n","protected":false},"author":2,"featured_media":24550,"comment_status":"open","ping_status":"closed","sticky":false,"template":"","format":"standard","meta":{"footnotes":""},"categories":[1,41],"tags":[74,547,40,2877,6712],"aioseo_notices":[],"_links":{"self":[{"href":"https:\/\/infois.ro\/index.php?rest_route=\/wp\/v2\/posts\/24549"}],"collection":[{"href":"https:\/\/infois.ro\/index.php?rest_route=\/wp\/v2\/posts"}],"about":[{"href":"https:\/\/infois.ro\/index.php?rest_route=\/wp\/v2\/types\/post"}],"author":[{"embeddable":true,"href":"https:\/\/infois.ro\/index.php?rest_route=\/wp\/v2\/users\/2"}],"replies":[{"embeddable":true,"href":"https:\/\/infois.ro\/index.php?rest_route=%2Fwp%2Fv2%2Fcomments&post=24549"}],"version-history":[{"count":1,"href":"https:\/\/infois.ro\/index.php?rest_route=\/wp\/v2\/posts\/24549\/revisions"}],"predecessor-version":[{"id":24551,"href":"https:\/\/infois.ro\/index.php?rest_route=\/wp\/v2\/posts\/24549\/revisions\/24551"}],"wp:featuredmedia":[{"embeddable":true,"href":"https:\/\/infois.ro\/index.php?rest_route=\/wp\/v2\/media\/24550"}],"wp:attachment":[{"href":"https:\/\/infois.ro\/index.php?rest_route=%2Fwp%2Fv2%2Fmedia&parent=24549"}],"wp:term":[{"taxonomy":"category","embeddable":true,"href":"https:\/\/infois.ro\/index.php?rest_route=%2Fwp%2Fv2%2Fcategories&post=24549"},{"taxonomy":"post_tag","embeddable":true,"href":"https:\/\/infois.ro\/index.php?rest_route=%2Fwp%2Fv2%2Ftags&post=24549"}],"curies":[{"name":"wp","href":"https:\/\/api.w.org\/{rel}","templated":true}]}}