{"id":24552,"date":"2016-07-26T14:30:59","date_gmt":"2016-07-26T11:30:59","guid":{"rendered":"http:\/\/infois.ro\/?p=24552"},"modified":"2016-07-26T14:30:59","modified_gmt":"2016-07-26T11:30:59","slug":"o-mie-de-copii-tineri-si-parinti-participa-la-caravana-de-teatru-forum-derulata-in-zece-comunitati-rurale-iesene","status":"publish","type":"post","link":"https:\/\/infois.ro\/?p=24552","title":{"rendered":"O mie de copii, tineri \u0219i p\u0103rin\u021bi, particip\u0103 la \u201dCaravana de Teatru Forum\u201d, derulat\u0103 \u00een zece comunit\u0103\u021bi rurale ie\u0219ene"},"content":{"rendered":"<p style=\"text-align: justify;\"><a href=\"http:\/\/infois.ro\/wp-content\/uploads\/2016\/07\/caravana-teatru-forum.jpg\"><img loading=\"lazy\" decoding=\"async\" class=\"alignleft  wp-image-24553\" src=\"http:\/\/infois.ro\/wp-content\/uploads\/2016\/07\/caravana-teatru-forum.jpg\" alt=\"caravana teatru forum\" width=\"373\" height=\"249\" srcset=\"https:\/\/infois.ro\/wp-content\/uploads\/2016\/07\/caravana-teatru-forum.jpg 640w, https:\/\/infois.ro\/wp-content\/uploads\/2016\/07\/caravana-teatru-forum-300x200.jpg 300w\" sizes=\"(max-width: 373px) 100vw, 373px\" \/><\/a><\/p>\n<p style=\"text-align: justify;\">\u00cen perioada iulie \u2013 octombrie 2016, Organiza\u021bia Salva\u021bi Copiii, \u00een parteneriat cu Direc\u021bia General\u0103 de Asisten\u021b\u0103 Social\u0103 \u0219i Protec\u021bia Copilului (DGASPC) Ia\u0219i \u0219i Inspectoratul de Poli\u021bie Jude\u021bean Ia\u0219i va ajunge \u00een zece comunit\u0103\u021bi rurale, respectiv localit\u0103\u021bile Probota, R\u0103duc\u0103neni, \u0218cheia, Belce\u0219ti, Cepleni\u021ba, Erbiceni, Mironeasa, Dr\u0103gu\u0219eni, Pope\u0219ti \u0219i \u021aig\u0103na\u0219i), \u00een cadrul Caravanei Teatru Itinerant \u2013 Teatru Forum, derulat\u0103 cu sprijinul a 20 de super &#8211; eroi voluntari, forma\u021bi \u00een cadrul proiectul \u201dZOOM IN comunitate\u201d, co-finan\u021bat printr-un grant din partea Elve\u021biei, prin intermediul Contribu\u021biei Elve\u021biene pentru Uniunea European\u0103 extins\u0103. \u201dA lua fr\u00e2iele \u00een m\u00e2ini \u0219i a crea propriul Happy End este \u00een totalitate responsabilitatea fiec\u0103ruia dintre noi. Vrem s\u0103 ne asum\u0103m un rol proactiv \u00een via\u021ba noastr\u0103 \u0219i a comunit\u0103\u021bii din care facem parte &#8211; a\u0219a am pornit la drum cu super-eroi dornici de a schimba idei \u0219i opinii ale membrilor \u0219i copiilor din comunit\u0103\u021bile rurale din jude\u021bul Ia\u0219i cu privire la violen\u021b\u0103. Copii, adolescen\u021bi, p\u0103rin\u021bi, bunici, cadre didactice, reprezentan\u021bi ai Inspectoratului de Poli\u021bie Jude\u021bean Ia\u0219i, cu to\u021bii au primit invita\u021bia de a participa la o repeti\u021bie pentru via\u021b\u0103. Am cunoscut deja 200 de\u00a0 membri ai comunit\u0103\u021bilor Dr\u0103gu\u0219eni \u0219i Cepleni\u021ba unde am avut parte de z\u00e2mbete, interac\u021biune \u0219i dezbatere, atitudini deschise \u0219i comportamente adecvate. Am v\u0103zut \u00eempreun\u0103, prin Teatru Forum, cum putem construi comunitatea dup\u0103 tr\u0103s\u0103turi pozitive: toleran\u021b\u0103, atitudine, curaj, interven\u021bie \u0219i nu dup\u0103 cele care instig\u0103 la forme de violen\u021b\u0103 \u0219i opresiune\u201d, a declarat Ioana Nistor, coordonator voluntari \u00een cadrul Organiza\u021biei Salva\u021bi Copiii Ia\u0219i. \u00cen Rom\u00e2nia, la finalul anului 2013, 63% dintre copii afirmau c\u0103 sunt b\u0103tu\u021bi acas\u0103 de c\u0103tre p\u0103rin\u021bii lor, iar \u00a087% dintre elevi m\u0103rturiseau c\u0103 au fost cel pu\u021bin odat\u0103 implica\u021bi \u00eentr-o situa\u021bie de abuz verbal din partea unui cadru didactic. Astfel, nu este surprinz\u0103tor faptul c\u0103 nivelul de violen\u021b\u0103 pe care copiii \u00eel manifest\u0103 \u00een rela\u021bie cu colegii \/ prietenii lor, s\u0103 fie crescut considerabil; ba mai mult, nuan\u021bele comportamentelor violente \u00een care copiii sunt implica\u021bi deopotriv\u0103 ca victim\u0103, agresor \u0219i martor, s-au diversificat, degener\u00e2nd adesea \u00een ceea ce studiile de specialitate definesc ca fiind bullying, respectiv, un comportament agresiv inten\u021bionat, menit s\u0103 provoace disconfort sau durere, care implic\u0103 un dezechilibru de putere \u0219i t\u0103rie \u00eentre agresor \u0219i victim\u0103, \u0219i se manifest\u0103 repetitiv, regulat (Limber, 2002; Olweus, 1993a; Nansel et al., 2001). \u00cen baza cercet\u0103rii \u201dBullying-ul \u00een r\u00e2ndul copiilor \u2013 Studiu sociologic la nivel na\u021bional\u201d, realizate de Organiza\u021bia Salva\u021bi Copiii Rom\u00e2nia \u00een 2016, \u00een mediul \u015fcolar, 73% dintre copii afirm\u0103 c\u0103 au fost martorii unei situa\u0163ii de bullying. De asemenea, datele arat\u0103 c\u0103 24% dintre copiii responden\u021bi au fost umili\u021bi sau f\u0103cu\u021bi de ru\u0219ine \u00een grupul de egali, 31% dintre copii au fost exclu\u0219i din grup, 32% dintre copii spun c\u0103 au fost \u00eempin\u0219i sau \u00eembr\u00e2nci\u021bi de al\u021bi copii, \u00een mod repetat, 39% dintre copii spun c\u0103 au fost r\u0103ni\u021bi u\u0219or iar 16% c\u0103 au fost b\u0103tu\u021bi \u00een mod repetat la \u0219coal\u0103. \u00a0Diferit de alte forme de agresiune \/ violen\u021b\u0103 printre copii, bullying-ul este un concept umbrel\u0103 ce ascunde comportamente variate cu stabilitate crescut\u0103 \u00een timp, ascunse de adul\u021bi, ce continu\u0103 \u00een absen\u021ba unor m\u0103suri specifice de interven\u021bie. O component\u0103 a proiectului \u201dZOOM IN comunitate\u201d intervine direct \u00een comunitate, prin intermediul caravanei \u00een vederea inform\u0103rii, educ\u0103rii \u0219i sensibiliz\u0103rii copiilor \u0219i membrilor din zece comunit\u0103\u021bi rurale din jude\u021bul Ia\u0219i, cu privire la violen\u021bele ce pot ap\u0103rea \u00een \u0219coal\u0103 \u0219i comunitate. Ca metod\u0103 de educa\u021bie non-formal\u0103 este folosit Teatrul Forum. Aceast\u0103 metod\u0103 ofer\u0103 \u0219ansa participan\u021bilor s\u0103 \u00eenve\u021be din experien\u021ba direct\u0103 \u0219i din interac\u021biunea cu personaje reale. La reprezenta\u021bii vor participa \u00een total o mie de copii, tineri \u0219i p\u0103rin\u021bi. Caravana este derulat\u0103 cu sprijinul a 20 de voluntari, care au fost forma\u021bi \u00een cadrul proiectului privind metoda de Teatru Forum \u0219i care cu sprijinul speciali\u0219tilor au pus \u00een scen\u0103 o pies\u0103 de teatru desprins\u0103 din realitate, pe tema efectelor expunerii copiilor la violen\u021b\u0103 \u00een \u0219coal\u0103 \u0219i comunitate. \u201dPentru mine, Teatrul Forum este o metod\u0103 de art\u0103 participativ\u0103, o metod\u0103 de implicare activ\u0103 \u00een via\u021ba comunit\u0103\u021bii. P\u00e2n\u0103 acum am fost non-actor \u00een dou\u0103 reprezenta\u021bii de teatru forum si am descoperit c\u0103 oamenii (copii, p\u0103rin\u021bi, profesori) chiar \u00ee\u0219i doresc o schimbare. Am descoperit persoane care s-au implicat activ si persoane care au l\u0103sat capul \u00een jos din simplul motiv c\u0103 \u00ee\u0219i doresc lini\u0219te \u00een jurul lor. Noi, prin interven\u021bia noastr\u0103, \u00eencuraj\u0103m comunitatea s\u0103 se implice, s\u0103 ia atitudine c\u00e2nd vine vorba de situa\u021bii de opresiune, de agresiune. \u00cemi doresc s\u0103 v\u0103d c\u00e2t mai mul\u021bi oameni care, dup\u0103 ce ne v\u0103d, dup\u0103 ce devin \u0219i ei actori, s\u0103 plece acas\u0103 cu z\u00e2mbetul pe buze si cu dorin\u021ba de a schimba ceva. Eu cred cu t\u0103rie c\u0103 schimb\u0103rile vin din sufletul nostru. Abia a\u0219tept \u0219i urm\u0103toarele reprezenta\u021bii\u201d, afirm\u0103 M\u0103d\u0103lina Cioclu, voluntar \u00een cadrul Organiza\u021biei Salva\u021bi Copiii Ia\u0219i.<\/p>\n","protected":false},"excerpt":{"rendered":"<p>\u00cen perioada iulie \u2013 octombrie 2016, Organiza\u021bia Salva\u021bi Copiii, \u00een parteneriat cu Direc\u021bia General\u0103 de&#8230; <a class=\"meta-more\" href=\"https:\/\/infois.ro\/?p=24552\">more <span class=\"meta-nav\">&raquo;<\/span><\/a><\/p>\n","protected":false},"author":2,"featured_media":24553,"comment_status":"open","ping_status":"closed","sticky":false,"template":"","format":"standard","meta":{"footnotes":""},"categories":[41,32],"tags":[74,612,8438,2379,40,727],"aioseo_notices":[],"_links":{"self":[{"href":"https:\/\/infois.ro\/index.php?rest_route=\/wp\/v2\/posts\/24552"}],"collection":[{"href":"https:\/\/infois.ro\/index.php?rest_route=\/wp\/v2\/posts"}],"about":[{"href":"https:\/\/infois.ro\/index.php?rest_route=\/wp\/v2\/types\/post"}],"author":[{"embeddable":true,"href":"https:\/\/infois.ro\/index.php?rest_route=\/wp\/v2\/users\/2"}],"replies":[{"embeddable":true,"href":"https:\/\/infois.ro\/index.php?rest_route=%2Fwp%2Fv2%2Fcomments&post=24552"}],"version-history":[{"count":1,"href":"https:\/\/infois.ro\/index.php?rest_route=\/wp\/v2\/posts\/24552\/revisions"}],"predecessor-version":[{"id":24554,"href":"https:\/\/infois.ro\/index.php?rest_route=\/wp\/v2\/posts\/24552\/revisions\/24554"}],"wp:featuredmedia":[{"embeddable":true,"href":"https:\/\/infois.ro\/index.php?rest_route=\/wp\/v2\/media\/24553"}],"wp:attachment":[{"href":"https:\/\/infois.ro\/index.php?rest_route=%2Fwp%2Fv2%2Fmedia&parent=24552"}],"wp:term":[{"taxonomy":"category","embeddable":true,"href":"https:\/\/infois.ro\/index.php?rest_route=%2Fwp%2Fv2%2Fcategories&post=24552"},{"taxonomy":"post_tag","embeddable":true,"href":"https:\/\/infois.ro\/index.php?rest_route=%2Fwp%2Fv2%2Ftags&post=24552"}],"curies":[{"name":"wp","href":"https:\/\/api.w.org\/{rel}","templated":true}]}}