{"id":24563,"date":"2016-07-28T06:15:50","date_gmt":"2016-07-28T03:15:50","guid":{"rendered":"http:\/\/infois.ro\/?p=24563"},"modified":"2016-07-28T06:15:50","modified_gmt":"2016-07-28T03:15:50","slug":"maricel-popa-nu-renunta-la-ideea-construirii-parcului-industrial-de-la-letcani","status":"publish","type":"post","link":"https:\/\/infois.ro\/?p=24563","title":{"rendered":"Maricel Popa nu renun\u021b\u0103 la ideea construirii parcului industrial de la Le\u021bcani"},"content":{"rendered":"<p style=\"text-align: justify;\"><a href=\"http:\/\/infois.ro\/wp-content\/uploads\/2016\/07\/maricel-popa2.jpg\"><img loading=\"lazy\" decoding=\"async\" class=\"alignleft  wp-image-24564\" src=\"http:\/\/infois.ro\/wp-content\/uploads\/2016\/07\/maricel-popa2.jpg\" alt=\"maricel popa\" width=\"321\" height=\"214\" \/><\/a><\/p>\n<p style=\"text-align: justify;\">Pre\u0219edintele Consiliului Jude\u021bean (CJ) Ia\u0219i, Maricel Popa, nu renun\u021b\u0103 la ideea \u00eenfiin\u021b\u0103rii \u00een cel mai scurt timp a unui parc industrial \u00een jude\u021bul Ia\u0219i. Prezent la \u00eenceputul acestei s\u0103pt\u0103m\u00e2ni la Ploie\u0219ti, unde a participat la lucr\u0103rile Adun\u0103rii Generale a Euroregiunii Siret-Prut-Nistru, Maricel Popa a vizitat, al\u0103turi de reprezentan\u021bii autorit\u0103\u021bilor locale, Ploie\u0219ti West Parc, unul dintre cele mai importante \u0219i moderne parcuri industriale din Europa de Est. Construit \u00eentr-o localitate aflat\u0103 la numai c\u00e2\u021biva kilometri de municipiul re\u0219edin\u021b\u0103 al jude\u021bului Prahova, Ploie\u0219ti West Park, investi\u021bie \u00eenceput\u0103 \u00een anul 2008, se \u00eentinde \u00een acest moment pe 220 de hectare \u0219i g\u0103zduie\u0219te 35 de firme din \u021bar\u0103 \u0219i de peste hotare, cu peste 10.000 de angaja\u021bi. \u201dAm r\u0103mas impresionat de ceea ce am v\u0103zut la parcul industrial de la Ploie\u0219ti, iar regretul este cu at\u00e2t mai mare cu c\u00e2t noi, la Ia\u0219i, nu am reu\u0219it p\u00e2n\u0103 acum s\u0103 avem o astfel de investi\u021bie-cheie pentru dezvoltarea economiei jude\u021bului. Acest lucru se vede foarte bine la Ploie\u0219ti, parcul industrial de acolo fiind, practic, motorul dezvolt\u0103rii economiei jude\u021bului Prahova \u0219i cel mai mare angajator din zona respectiv\u0103\u201d, a declarat pre\u0219edintele CJ Ia\u0219i, Maricel Popa, miercuri, 27 iulie, \u00eentr-o conferin\u021b\u0103 de pres\u0103 sus\u021binut\u0103 la Palatul Administrativ al jude\u021bului. Acesta a dat, \u00eens\u0103, asigur\u0103ri c\u0103 \u00een cel mai scurt timp, proiectul parcului industrial de la Le\u021bcani va fi repus pe tapet. \u201dI-am cerut celui care se ocup\u0103 de acest proiect s\u0103 intensifice demersurile \u00een vederea ob\u021binerii \u00een cel mai scurt timp, respectiv p\u00e2n\u0103 \u00een luna septembrie, a tuturor avizelor necesare de la Guvern, pentru ca apoi s\u0103 putem trece la preg\u0103tirea documenta\u021biei \u00een vederea scoaterii la licita\u021bie a lucr\u0103rilor. De asemenea, \u00een perioada urm\u0103toare voi avea discu\u021bii cu primarii ora\u0219elor \u0219i comunelor din jude\u021b pentru a putea identifica \u0219i alte posibile loca\u021bii pentru construirea \u0219i a altor parcuri industriale \u00een jude\u021bul Ia\u0219i\u201d, a men\u021bionat Maricel Popa. Potrivit documenta\u021biei tehnice, parcul industrial de la Le\u021bcani ar fi urmat s\u0103 se \u00eentind\u0103 pe o suprafa\u021b\u0103 de aproximativ cinci hectare, pe un teren pus la dispozi\u021bie de autorit\u0103\u021bile locale. Inaugurarea acestei investi\u021bii ar fi creat circa 2.000 de noi locuri de munc\u0103 \u00een jude\u021bul Ia\u0219i, odat\u0103 cu \u00eenceperea produc\u021biei de c\u0103tre firmele care ar fi urmat s\u0103-\u0219i desf\u0103\u0219oare activitatea aici.<\/p>\n","protected":false},"excerpt":{"rendered":"<p>Pre\u0219edintele Consiliului Jude\u021bean (CJ) Ia\u0219i, Maricel Popa, nu renun\u021b\u0103 la ideea \u00eenfiin\u021b\u0103rii \u00een cel mai&#8230; <a class=\"meta-more\" href=\"https:\/\/infois.ro\/?p=24563\">more <span class=\"meta-nav\">&raquo;<\/span><\/a><\/p>\n","protected":false},"author":2,"featured_media":0,"comment_status":"open","ping_status":"closed","sticky":false,"template":"","format":"standard","meta":{"footnotes":""},"categories":[1,41],"tags":[74,40,846,2877,1080],"aioseo_notices":[],"_links":{"self":[{"href":"https:\/\/infois.ro\/index.php?rest_route=\/wp\/v2\/posts\/24563"}],"collection":[{"href":"https:\/\/infois.ro\/index.php?rest_route=\/wp\/v2\/posts"}],"about":[{"href":"https:\/\/infois.ro\/index.php?rest_route=\/wp\/v2\/types\/post"}],"author":[{"embeddable":true,"href":"https:\/\/infois.ro\/index.php?rest_route=\/wp\/v2\/users\/2"}],"replies":[{"embeddable":true,"href":"https:\/\/infois.ro\/index.php?rest_route=%2Fwp%2Fv2%2Fcomments&post=24563"}],"version-history":[{"count":1,"href":"https:\/\/infois.ro\/index.php?rest_route=\/wp\/v2\/posts\/24563\/revisions"}],"predecessor-version":[{"id":24565,"href":"https:\/\/infois.ro\/index.php?rest_route=\/wp\/v2\/posts\/24563\/revisions\/24565"}],"wp:attachment":[{"href":"https:\/\/infois.ro\/index.php?rest_route=%2Fwp%2Fv2%2Fmedia&parent=24563"}],"wp:term":[{"taxonomy":"category","embeddable":true,"href":"https:\/\/infois.ro\/index.php?rest_route=%2Fwp%2Fv2%2Fcategories&post=24563"},{"taxonomy":"post_tag","embeddable":true,"href":"https:\/\/infois.ro\/index.php?rest_route=%2Fwp%2Fv2%2Ftags&post=24563"}],"curies":[{"name":"wp","href":"https:\/\/api.w.org\/{rel}","templated":true}]}}