{"id":24570,"date":"2016-07-28T06:25:08","date_gmt":"2016-07-28T03:25:08","guid":{"rendered":"http:\/\/infois.ro\/?p=24570"},"modified":"2016-07-28T06:25:08","modified_gmt":"2016-07-28T03:25:08","slug":"sefii-consiliului-judetean-iasi-si-au-impartit-atributiile","status":"publish","type":"post","link":"https:\/\/infois.ro\/?p=24570","title":{"rendered":"\u0218efii Consiliului Jude\u021bean Ia\u0219i \u0219i-au \u00eemp\u0103r\u021bit atribu\u021biile"},"content":{"rendered":"<p style=\"text-align: justify;\"><a href=\"http:\/\/infois.ro\/wp-content\/uploads\/2016\/07\/sedinta-Consiliul-Judetean.jpg\"><img loading=\"lazy\" decoding=\"async\" class=\"alignleft  wp-image-24541\" src=\"http:\/\/infois.ro\/wp-content\/uploads\/2016\/07\/sedinta-Consiliul-Judetean.jpg\" alt=\"sedinta Consiliul Judetean\" width=\"298\" height=\"199\" srcset=\"https:\/\/infois.ro\/wp-content\/uploads\/2016\/07\/sedinta-Consiliul-Judetean.jpg 640w, https:\/\/infois.ro\/wp-content\/uploads\/2016\/07\/sedinta-Consiliul-Judetean-300x200.jpg 300w\" sizes=\"(max-width: 298px) 100vw, 298px\" \/><\/a><\/p>\n<p style=\"text-align: justify;\">Noua conducere a Consiliului Jude\u021bean (CJ) Ia\u0219i \u0219i-a \u00eemp\u0103r\u021bit \u00een aceast\u0103 s\u0103pt\u0103m\u00e2n\u0103 atribu\u021biile din noul mandat. Astfel, \u00een subordinea direct\u0103 a pre\u0219edintelui CJ Ia\u0219i, Maricel Popa, se afl\u0103, printre altele, Serviciul de Audit, Direc\u021bia de Resurse Umane, Institu\u021bia Arhitectului-\u0218ef, Direc\u021bia de Administrare a Drumurilor Jude\u021bene (DADJ), RA Aeroportul SA, Centrul Jude\u021bean de Conservare a Culturii, Biblioteca Jude\u021bean\u0103 \u201dGheorghe Asachi\u201d \u0219i Comandamentul Jude\u021bean pentru Situa\u021bii de Urgen\u021b\u0103. Vicepre\u0219edintele Victorel Lupu va r\u0103spunde de activitatea Direc\u021biei Economice, Direc\u021biei Tehnice \u0219i de Investi\u021bii, Spitalului Clinic de Neurologie \u201dProf. Dr. Nicolae Oblu\u201d, Spitalului Clinic de Obstetric\u0103 \u0219i Ginecologie \u201dElena Doamna\u201d, Spitalului Clinic de Copii \u201dSf\u00e2nta Maria\u201d, Spitalului Clinic de Pneumologie, Spitalului de Boli Infec\u021bioase \u201dSf\u00e2nta Parascheva\u201d \u0219i Direc\u021biei Jude\u021bene de Eviden\u021b\u0103 a Persoanelor, \u00een timp ce vicepre\u0219edintele Victor Chiril\u0103 va avea \u00een subordine Direc\u021bia de Achizi\u021bii Publice, Unitatea Medico-Social\u0103 Bivolari, Unitatea Medico-Social\u0103 R\u0103duc\u0103neni, Tehnopolis, Teatrul pentru Copii \u0219i Tineret \u201dLuceaf\u0103rul\u201d, Muzeul Literaturii Rom\u00e2ne, Centrul Expozi\u021bional \u201dMoldova\u201d \u0219i SC Lucr\u0103ri Drumuri \u0219i Poduri SA. \u00cen ceea ce o prive\u0219te pe L\u0103cr\u0103mioara Vernica, secretarul Consiliului Jude\u021bean, aceasta va r\u0103spunde de Direc\u021bia Juridic\u0103, Direc\u021bia General\u0103 de Asisten\u021b\u0103 Social\u0103 \u0219i Protec\u021bia Drepturilor Copilului, Inspectoratul pentru Situa\u021bii de Urgen\u021b\u0103 al Jude\u021bului \u0219i Centrul Militar Jude\u021bean. Dup\u0103 cum a anun\u021bat pre\u0219edintele CJ Ia\u0219i, Maricel Popa, \u00eencep\u00e2nd din luna august, institu\u021bia va avea o nou\u0103 organigram\u0103, document care urmeaz\u0103 s\u0103 fie supus spre aprobare plenului Legislativului Jude\u021bean. \u201dDepartamentul Proiecte din cadrul Consiliului Jude\u021bean urmeaz\u0103 s\u0103 fie \u00eent\u0103rit, \u00eentruc\u00e2t dezvoltarea de noi proiecte \u0219i atragerea de bani europeni pentru dezvoltarea jude\u021bului reprezint\u0103, \u00een acest moment, principala preocupare a noii echipe aflat\u0103 la conducerea institu\u021biei\u201d, a afirmat Maricel Popa, \u00eentr-o conferin\u021b\u0103 de pres\u0103 sus\u021binut\u0103 miercuri, 27 iulie, \u00een Sala Galben\u0103 a Palatului Administrativ al jude\u021bului.<\/p>\n","protected":false},"excerpt":{"rendered":"<p>Noua conducere a Consiliului Jude\u021bean (CJ) Ia\u0219i \u0219i-a \u00eemp\u0103r\u021bit \u00een aceast\u0103 s\u0103pt\u0103m\u00e2n\u0103 atribu\u021biile din noul&#8230; <a class=\"meta-more\" href=\"https:\/\/infois.ro\/?p=24570\">more <span class=\"meta-nav\">&raquo;<\/span><\/a><\/p>\n","protected":false},"author":2,"featured_media":24541,"comment_status":"open","ping_status":"closed","sticky":false,"template":"","format":"standard","meta":{"footnotes":""},"categories":[1,41],"tags":[74,8374,133,40,8340,5010],"aioseo_notices":[],"_links":{"self":[{"href":"https:\/\/infois.ro\/index.php?rest_route=\/wp\/v2\/posts\/24570"}],"collection":[{"href":"https:\/\/infois.ro\/index.php?rest_route=\/wp\/v2\/posts"}],"about":[{"href":"https:\/\/infois.ro\/index.php?rest_route=\/wp\/v2\/types\/post"}],"author":[{"embeddable":true,"href":"https:\/\/infois.ro\/index.php?rest_route=\/wp\/v2\/users\/2"}],"replies":[{"embeddable":true,"href":"https:\/\/infois.ro\/index.php?rest_route=%2Fwp%2Fv2%2Fcomments&post=24570"}],"version-history":[{"count":1,"href":"https:\/\/infois.ro\/index.php?rest_route=\/wp\/v2\/posts\/24570\/revisions"}],"predecessor-version":[{"id":24571,"href":"https:\/\/infois.ro\/index.php?rest_route=\/wp\/v2\/posts\/24570\/revisions\/24571"}],"wp:featuredmedia":[{"embeddable":true,"href":"https:\/\/infois.ro\/index.php?rest_route=\/wp\/v2\/media\/24541"}],"wp:attachment":[{"href":"https:\/\/infois.ro\/index.php?rest_route=%2Fwp%2Fv2%2Fmedia&parent=24570"}],"wp:term":[{"taxonomy":"category","embeddable":true,"href":"https:\/\/infois.ro\/index.php?rest_route=%2Fwp%2Fv2%2Fcategories&post=24570"},{"taxonomy":"post_tag","embeddable":true,"href":"https:\/\/infois.ro\/index.php?rest_route=%2Fwp%2Fv2%2Ftags&post=24570"}],"curies":[{"name":"wp","href":"https:\/\/api.w.org\/{rel}","templated":true}]}}