{"id":24586,"date":"2016-07-29T08:35:02","date_gmt":"2016-07-29T05:35:02","guid":{"rendered":"http:\/\/infois.ro\/?p=24586"},"modified":"2016-07-29T08:35:02","modified_gmt":"2016-07-29T05:35:02","slug":"municipalitatea-ieseana-a-finalizat-lucrarile-de-extindere-a-liceului-de-informatica-grigore-c-moisil","status":"publish","type":"post","link":"https:\/\/infois.ro\/?p=24586","title":{"rendered":"Municipalitatea ie\u015fean\u0103 a finalizat lucr\u0103rile de extindere a Liceului de Informatic\u0103 \u201dGrigore C. Moisil\u201d"},"content":{"rendered":"<p style=\"text-align: justify;\"><a href=\"http:\/\/infois.ro\/wp-content\/uploads\/2016\/07\/moisil.jpg\"><img loading=\"lazy\" decoding=\"async\" class=\"alignleft  wp-image-24587\" src=\"http:\/\/infois.ro\/wp-content\/uploads\/2016\/07\/moisil.jpg\" alt=\"moisil\" width=\"329\" height=\"494\" srcset=\"https:\/\/infois.ro\/wp-content\/uploads\/2016\/07\/moisil.jpg 640w, https:\/\/infois.ro\/wp-content\/uploads\/2016\/07\/moisil-200x300.jpg 200w\" sizes=\"(max-width: 329px) 100vw, 329px\" \/><\/a><\/p>\n<p style=\"text-align: justify;\">\u00cen prezen\u021ba primarului Mihai Chirica, joi, 28 iulie, a avut loc recep\u021bia lucr\u0103rilor de extinere a corpului A al Liceului de Informatic\u0103 \u201dGrigore C. Moisil\u201d, destinat accesului elevilor la procesul educa\u0163ional. Finan\u0163area a fost asigurat\u0103 prin Programul Opera\u0163ional Regional (POR) 2007-2003, Axa prioritar\u0103 3 \u2013 \u00cembun\u0103t\u0103\u0163irea infrastructurii sociale, Domeniul Major de Interven\u0163ie 3.4 \u2013 \u201cReabilitarea, modernizarea, dezvoltarea \u015fi echiparea infrastructurii educa\u0163ionale preuniversitare, universitare \u015fi a infrastructurii pentru formare profesional\u0103 continu\u0103\u201d. Valoarea investi\u021biei a fost de 4.669.326,16 lei, din care asisten\u0163a financiar\u0103 nerambursabil\u0103 a fost de 906.358,42 lei. Proiectul a presupus construirea unui corp de cl\u0103dire din cadre de beton armat, cu o suprafa\u0163\u0103 util\u0103 de 1.663 metri p\u0103tra\u0163i \u015fi un regim de \u00een\u0103l\u0163ime ce cuprinde demisol, parter \u015fi trei etaje. Pe fiecare etaj au fost amenajate c\u00e2te trei laboratoare cu \u00eenc\u0103peri anex\u0103, hol \u015fi grupuri sanitare pentru elevi. De asemenea, cl\u0103direa a fost dotat\u0103 cu un lift, care va asigura transportul persoanelor, inclusiv a celor cu dizabilit\u0103\u0163i. Perioada de implementare a proiectului a fost de 18 luni (ianuarie 2015 \u2013 iulie 2016). Beneficiarii direc\u0163i ai rezultatelor proiectului sunt reprezenta\u0163i at\u00e2t de cei 1.055 de elevi ai \u015fcolii, c\u00e2t \u015fi de cele 81 de persoane care constituie cadrele didactice \u015fi personalul auxiliar din cadrul institu\u0163iei de \u00eenv\u0103\u0163\u0103m\u00e2nt. \u00cen baza aceluia\u015fi proiect european, o alt\u0103 institu\u0163ie de \u00eenv\u0103\u0163\u0103m\u00e2nt preuniversitar din Ia\u015fi a fost renovat\u0103 la finele anului trecut. Monument istoric, cl\u0103direa \u015ecolii Carol I, unitate arondat\u0103 Colegiului Na\u0163ional \u201dCostache Negruzzi\u201d, a trecut prin complexe lucr\u0103ri de restaurare \u015fi reamenajare a interiorului. Demarat \u00een prim\u0103vara anului 2015, proiectul a avut o valoare total\u0103 a lucr\u0103rilor de 3,3 milioane lei, din aceast\u0103 sum\u0103 2,7 milioane lei fiind fonduri europene nerambursabile. Acestea asigur\u0103 continuarea \u015fi finalizarea lucr\u0103rilor \u00eencepute de municipalitatea ie\u015fean\u0103 prin finan\u0163are de la bugetul local. Practic, cu ajutorul proiectului european, cl\u0103direa cu statut de monument istoric a fost complet restaurat\u0103, oferind condi\u0163ii moderne de studiu pentru aproximativ 300 de elevi.<\/p>\n","protected":false},"excerpt":{"rendered":"<p>\u00cen prezen\u021ba primarului Mihai Chirica, joi, 28 iulie, a avut loc recep\u021bia lucr\u0103rilor de extinere&#8230; <a class=\"meta-more\" href=\"https:\/\/infois.ro\/?p=24586\">more <span class=\"meta-nav\">&raquo;<\/span><\/a><\/p>\n","protected":false},"author":2,"featured_media":24587,"comment_status":"open","ping_status":"closed","sticky":false,"template":"","format":"standard","meta":{"footnotes":""},"categories":[12,41],"tags":[74,1553,2523,395,40,3841,3112],"aioseo_notices":[],"_links":{"self":[{"href":"https:\/\/infois.ro\/index.php?rest_route=\/wp\/v2\/posts\/24586"}],"collection":[{"href":"https:\/\/infois.ro\/index.php?rest_route=\/wp\/v2\/posts"}],"about":[{"href":"https:\/\/infois.ro\/index.php?rest_route=\/wp\/v2\/types\/post"}],"author":[{"embeddable":true,"href":"https:\/\/infois.ro\/index.php?rest_route=\/wp\/v2\/users\/2"}],"replies":[{"embeddable":true,"href":"https:\/\/infois.ro\/index.php?rest_route=%2Fwp%2Fv2%2Fcomments&post=24586"}],"version-history":[{"count":1,"href":"https:\/\/infois.ro\/index.php?rest_route=\/wp\/v2\/posts\/24586\/revisions"}],"predecessor-version":[{"id":24588,"href":"https:\/\/infois.ro\/index.php?rest_route=\/wp\/v2\/posts\/24586\/revisions\/24588"}],"wp:featuredmedia":[{"embeddable":true,"href":"https:\/\/infois.ro\/index.php?rest_route=\/wp\/v2\/media\/24587"}],"wp:attachment":[{"href":"https:\/\/infois.ro\/index.php?rest_route=%2Fwp%2Fv2%2Fmedia&parent=24586"}],"wp:term":[{"taxonomy":"category","embeddable":true,"href":"https:\/\/infois.ro\/index.php?rest_route=%2Fwp%2Fv2%2Fcategories&post=24586"},{"taxonomy":"post_tag","embeddable":true,"href":"https:\/\/infois.ro\/index.php?rest_route=%2Fwp%2Fv2%2Ftags&post=24586"}],"curies":[{"name":"wp","href":"https:\/\/api.w.org\/{rel}","templated":true}]}}