{"id":24630,"date":"2016-08-02T09:26:17","date_gmt":"2016-08-02T06:26:17","guid":{"rendered":"http:\/\/infois.ro\/?p=24630"},"modified":"2016-08-02T09:26:17","modified_gmt":"2016-08-02T06:26:17","slug":"presedintele-cj-iasi-maricel-popa-ales-in-functia-de-presedinte-al-asociatiei-de-dezvoltare-intercomunitara-euronest","status":"publish","type":"post","link":"https:\/\/infois.ro\/?p=24630","title":{"rendered":"Pre\u0219edintele CJ Ia\u0219i, Maricel Popa, ales \u00een func\u021bia de pre\u0219edinte al Asocia\u021biei de Dezvoltare Intercomunitar\u0103 EURONEST"},"content":{"rendered":"<p style=\"text-align: justify;\"><a href=\"http:\/\/infois.ro\/wp-content\/uploads\/2016\/01\/maricel-popa.jpg\"><img loading=\"lazy\" decoding=\"async\" class=\"alignleft  wp-image-21438\" src=\"http:\/\/infois.ro\/wp-content\/uploads\/2016\/01\/maricel-popa.jpg\" alt=\"maricel popa\" width=\"391\" height=\"260\" srcset=\"https:\/\/infois.ro\/wp-content\/uploads\/2016\/01\/maricel-popa.jpg 640w, https:\/\/infois.ro\/wp-content\/uploads\/2016\/01\/maricel-popa-300x199.jpg 300w\" sizes=\"(max-width: 391px) 100vw, 391px\" \/><\/a><\/p>\n<p style=\"text-align: justify;\">Pre\u0219edintele Consiliului Jude\u021bean (CJ) Ia\u0219i, Maricel Popa, a fost ales \u00een func\u021bia de pre\u0219edinte al Asocia\u021biei de Dezvoltare Intercomunitar\u0103 EURONEST, \u00een cadrul \u0219edin\u021bei care a avut loc la sf\u00e2r\u0219itul s\u0103pt\u0103m\u00e2nii trecute, la Ia\u0219i, care a avut ca principal punct de pe ordinea de zi desemnarea noilor structuri de conducere ale asocia\u021biei. Func\u021bia de pre\u0219edinte al ADI EURONEST a revenit pre\u0219edintelui CJ Boto\u0219ani, Costic\u0103 Macale\u021bi. \u201dToate ac\u021biunile noastre trebuie s\u0103 se concentreze pe atragerea de fonduri \u00een regiune. 2016-2020 sunt ultimii ani \u00een care Rom\u00e2nia mai prime\u0219te bani europeni \u00een mod direct, astfel \u00eenc\u00e2t obiectivul nostru, la nivelul ADI EURONEST, este s\u0103 valorific\u0103m fiecare oportunitate de finan\u021bare \u0219i, \u00een egal\u0103 m\u0103sur\u0103, s\u0103 ne preg\u0103tim, din punct de vedere al capacit\u0103\u021bii administrative, s\u0103 fim competitivi la nivel european dup\u0103 2020, s\u0103 concur\u0103m, cu \u0219anse reale, cu state puternice precum Fran\u021ba Germania, Italia. \u00cen acest sens, am \u0219i convenit cu Pre\u0219edin\u021bii consiliilor jude\u021bene membre s\u0103 nu ne limit\u0103m la doar cele dou\u0103 \u00eent\u00e2lniri anuale obligatorii, ci trimestrial, \u00een fiecare dintre jude\u021be, astfel \u00eenc\u00e2t fiecare comunitate s\u0103 aib\u0103 ocazia de a participa \u00een mod direct la stabilirea direc\u021biilor de ac\u021biune\u201d, a declarat Maricel Popa, pre\u0219edintele Consiliului Jude\u021bean (CJ) Ia\u0219i \u0219i al ADI EURONEST. Cu prilejul constituirii noii conduceri, s-a discutat \u0219i despre ac\u021biunile \u0219i proiectele care vor fi ini\u021biate p\u00e2n\u0103 la finalul anului de c\u0103tre ADI EURONEST. Astfel, vor fi avute \u00een vedere interven\u021bii destinate unor comunit\u0103\u021bi marginalizate din Regiune, sprijin pentru investi\u021bii ale companiilor de IT \u00een vederea acces\u0103rii de fonduri europene \u0219i cre\u0103rii de locuri de munc\u0103 \u00een jude\u021bele membre, organizarea unui eveniment destinat start-up-urilor \u0219i crearea unui drum al vinului care s\u0103 propun\u0103 pachete integrate de servicii turistice, cu implicarea cramelor \u0219i podgoriilor din Regiune, a agen\u021biilor de turism \u0219i a loca\u021biilor de cazare interesate. ADI EURONEST a fost \u00eenfiin\u021bat\u0103 \u00een 2008, Consiliul Jude\u021bean Ia\u0219i fiind membru fondator \u0219i lider de asociere, al\u0103turi de celelalte consilii jude\u021bene din Regiune: Bac\u0103u, Boto\u0219ani, Neam\u021b, Suceava \u0219i Vaslui. P\u00e2n\u0103 \u00een prezent, au fost atrase peste 22 de milioane de euro pentru investi\u021bii \u00een infrastructura pentru situa\u021bii de urgen\u021b\u0103, dezvoltarea \u0219i actualizarea programelor de studii de licen\u021b\u0103 \u0219i master destinate TIC de la universit\u0103\u021bile din Regiune, subven\u021bionarea de stagii de practic\u0103 ale studen\u021bilor la companii de profil, promovarea oportunit\u0103\u021bilor de investi\u021bii, derularea de proiecte de cercetare industrial\u0103 comune \u00eentre companii \u0219i universit\u0103\u021bi pentru dezvoltarea de solu\u021bii \u0219i tehnologii cu aplicabilitate \u00een economie. Urm\u0103toarea \u0219edin\u021b\u0103 a ADI EURONEST va avea loc \u00een luna octombrie, la Vaslui.<\/p>\n","protected":false},"excerpt":{"rendered":"<p>Pre\u0219edintele Consiliului Jude\u021bean (CJ) Ia\u0219i, Maricel Popa, a fost ales \u00een func\u021bia de pre\u0219edinte al&#8230; <a class=\"meta-more\" href=\"https:\/\/infois.ro\/?p=24630\">more <span class=\"meta-nav\">&raquo;<\/span><\/a><\/p>\n","protected":false},"author":2,"featured_media":21438,"comment_status":"open","ping_status":"closed","sticky":false,"template":"","format":"standard","meta":{"footnotes":""},"categories":[1,41],"tags":[74,507,40,1583,2877,492],"aioseo_notices":[],"_links":{"self":[{"href":"https:\/\/infois.ro\/index.php?rest_route=\/wp\/v2\/posts\/24630"}],"collection":[{"href":"https:\/\/infois.ro\/index.php?rest_route=\/wp\/v2\/posts"}],"about":[{"href":"https:\/\/infois.ro\/index.php?rest_route=\/wp\/v2\/types\/post"}],"author":[{"embeddable":true,"href":"https:\/\/infois.ro\/index.php?rest_route=\/wp\/v2\/users\/2"}],"replies":[{"embeddable":true,"href":"https:\/\/infois.ro\/index.php?rest_route=%2Fwp%2Fv2%2Fcomments&post=24630"}],"version-history":[{"count":1,"href":"https:\/\/infois.ro\/index.php?rest_route=\/wp\/v2\/posts\/24630\/revisions"}],"predecessor-version":[{"id":24631,"href":"https:\/\/infois.ro\/index.php?rest_route=\/wp\/v2\/posts\/24630\/revisions\/24631"}],"wp:featuredmedia":[{"embeddable":true,"href":"https:\/\/infois.ro\/index.php?rest_route=\/wp\/v2\/media\/21438"}],"wp:attachment":[{"href":"https:\/\/infois.ro\/index.php?rest_route=%2Fwp%2Fv2%2Fmedia&parent=24630"}],"wp:term":[{"taxonomy":"category","embeddable":true,"href":"https:\/\/infois.ro\/index.php?rest_route=%2Fwp%2Fv2%2Fcategories&post=24630"},{"taxonomy":"post_tag","embeddable":true,"href":"https:\/\/infois.ro\/index.php?rest_route=%2Fwp%2Fv2%2Ftags&post=24630"}],"curies":[{"name":"wp","href":"https:\/\/api.w.org\/{rel}","templated":true}]}}