{"id":24680,"date":"2016-08-05T10:42:53","date_gmt":"2016-08-05T07:42:53","guid":{"rendered":"http:\/\/infois.ro\/?p=24680"},"modified":"2016-08-05T10:42:53","modified_gmt":"2016-08-05T07:42:53","slug":"prefectul-marian-grigoras-cere-verificarea-instalatiilor-de-distributie-a-gazelor-naturale-din-municipiul-iasi","status":"publish","type":"post","link":"https:\/\/infois.ro\/?p=24680","title":{"rendered":"Prefectul Marian Grigora\u0219 cere verificarea instala\u021biilor de distribu\u021bie a gazelor naturale din municipiul Ia\u0219i"},"content":{"rendered":"<p style=\"text-align: justify;\"><a href=\"http:\/\/infois.ro\/wp-content\/uploads\/2016\/08\/gaz1.jpg\"><img loading=\"lazy\" decoding=\"async\" class=\"alignleft  wp-image-24681\" src=\"http:\/\/infois.ro\/wp-content\/uploads\/2016\/08\/gaz1.jpg\" alt=\"gaz\" width=\"345\" height=\"259\" srcset=\"https:\/\/infois.ro\/wp-content\/uploads\/2016\/08\/gaz1.jpg 640w, https:\/\/infois.ro\/wp-content\/uploads\/2016\/08\/gaz1-300x225.jpg 300w\" sizes=\"(max-width: 345px) 100vw, 345px\" \/><\/a><\/p>\n<p style=\"text-align: justify;\">\u00cen urma exploziei produs\u0103 luni seara \u00eentr-un bloc de locuin\u021be din cartierul Copou, prefectul jude\u021bului Ia\u0219i, Marian Grigora\u0219, a solicitat joi realizarea de verific\u0103ri la re\u021belele de distribu\u021bie a gazelor naturale din municipiul Ia\u0219i. \u00cen acest sens au fost transmise adrese c\u0103tre Autoritatea Na\u021bional\u0103 de Reglementare \u00een domeniul Energiei, E.ON Distribu\u021bie Rom\u00e2nia SA \u0219i Inspectoratul Jude\u021bean \u00een Construc\u021bii Ia\u0219i. \u201dCred c\u0103 este absolut necesar s\u0103 fie realizat\u0103 o astfel de verificare, pentru a oferi un grad sporit de siguran\u021b\u0103 tuturor ie\u0219enilor. Av\u00e2nd \u00een vedere incidentul de la blocul de pe strada V\u0103sc\u0103u\u021beanu, am solicitat ca verific\u0103rile s\u0103 fie efectuate \u00een regim de urgen\u021b\u0103 pe raza municipiului Ia\u0219i, urm\u00e2nd s\u0103 fie extinse \u0219i \u00een alte zone \u00een care pot ap\u0103rea probleme. O aten\u021bie sporit\u0103 ar trebui acordat\u0103 zonelor care sunt expuse posibilelor defec\u021biuni, precum instala\u021biile cu durata de via\u021b\u0103 expirat\u0103 sau aproape de expirare, dac\u0103 este cazul, sau instala\u021biile asupra c\u0103rora nu s-au realizat repara\u021bii \u00een ultima perioad\u0103\u201d, a declarat prefectul. Monitorizarea verific\u0103rilor dispuse \u0219i efectuate va fi realizat\u0103 de c\u0103tre Inspectoratul Jude\u021bean \u00een Construc\u021bii Ia\u0219i, care va informa periodic Institu\u021bia Prefectului asupra situa\u021biei din teren.<\/p>\n","protected":false},"excerpt":{"rendered":"<p>\u00cen urma exploziei produs\u0103 luni seara \u00eentr-un bloc de locuin\u021be din cartierul Copou, prefectul jude\u021bului&#8230; <a class=\"meta-more\" href=\"https:\/\/infois.ro\/?p=24680\">more <span class=\"meta-nav\">&raquo;<\/span><\/a><\/p>\n","protected":false},"author":2,"featured_media":24681,"comment_status":"open","ping_status":"closed","sticky":false,"template":"","format":"standard","meta":{"footnotes":""},"categories":[1,41],"tags":[74,410,411,40,8464],"aioseo_notices":[],"_links":{"self":[{"href":"https:\/\/infois.ro\/index.php?rest_route=\/wp\/v2\/posts\/24680"}],"collection":[{"href":"https:\/\/infois.ro\/index.php?rest_route=\/wp\/v2\/posts"}],"about":[{"href":"https:\/\/infois.ro\/index.php?rest_route=\/wp\/v2\/types\/post"}],"author":[{"embeddable":true,"href":"https:\/\/infois.ro\/index.php?rest_route=\/wp\/v2\/users\/2"}],"replies":[{"embeddable":true,"href":"https:\/\/infois.ro\/index.php?rest_route=%2Fwp%2Fv2%2Fcomments&post=24680"}],"version-history":[{"count":1,"href":"https:\/\/infois.ro\/index.php?rest_route=\/wp\/v2\/posts\/24680\/revisions"}],"predecessor-version":[{"id":24682,"href":"https:\/\/infois.ro\/index.php?rest_route=\/wp\/v2\/posts\/24680\/revisions\/24682"}],"wp:featuredmedia":[{"embeddable":true,"href":"https:\/\/infois.ro\/index.php?rest_route=\/wp\/v2\/media\/24681"}],"wp:attachment":[{"href":"https:\/\/infois.ro\/index.php?rest_route=%2Fwp%2Fv2%2Fmedia&parent=24680"}],"wp:term":[{"taxonomy":"category","embeddable":true,"href":"https:\/\/infois.ro\/index.php?rest_route=%2Fwp%2Fv2%2Fcategories&post=24680"},{"taxonomy":"post_tag","embeddable":true,"href":"https:\/\/infois.ro\/index.php?rest_route=%2Fwp%2Fv2%2Ftags&post=24680"}],"curies":[{"name":"wp","href":"https:\/\/api.w.org\/{rel}","templated":true}]}}