{"id":24707,"date":"2016-08-09T08:35:36","date_gmt":"2016-08-09T05:35:36","guid":{"rendered":"http:\/\/infois.ro\/?p=24707"},"modified":"2016-08-09T08:35:36","modified_gmt":"2016-08-09T05:35:36","slug":"au-inceput-pregatirile-pentru-implementarea-proiectului-de-modernizare-a-drumului-interjudetean-iasi-suceava","status":"publish","type":"post","link":"https:\/\/infois.ro\/?p=24707","title":{"rendered":"Au \u00eenceput preg\u0103tirile pentru implementarea proiectului de modernizare a drumului interjude\u021bean Ia\u0219i \u2013 Suceava"},"content":{"rendered":"<p style=\"text-align: justify;\"><a href=\"http:\/\/infois.ro\/wp-content\/uploads\/2016\/08\/dj-iasi-suceava.jpg\"><img loading=\"lazy\" decoding=\"async\" class=\"alignleft  wp-image-24708\" src=\"http:\/\/infois.ro\/wp-content\/uploads\/2016\/08\/dj-iasi-suceava.jpg\" alt=\"dj iasi suceava\" width=\"329\" height=\"186\" srcset=\"https:\/\/infois.ro\/wp-content\/uploads\/2016\/08\/dj-iasi-suceava.jpg 640w, https:\/\/infois.ro\/wp-content\/uploads\/2016\/08\/dj-iasi-suceava-300x169.jpg 300w, https:\/\/infois.ro\/wp-content\/uploads\/2016\/08\/dj-iasi-suceava-139x80.jpg 139w, https:\/\/infois.ro\/wp-content\/uploads\/2016\/08\/dj-iasi-suceava-140x80.jpg 140w\" sizes=\"(max-width: 329px) 100vw, 329px\" \/><\/a><\/p>\n<p style=\"text-align: justify;\">Pre\u015fedintele Consiliului Jude\u0163ean (CJ) Ia\u015fi, Maricel Popa, a participat luni, 8 august, la \u00eent\u00e2lnirea de lucru care a avut loc \u00eentre reprezentan\u0163ii consiliilor jude\u021bene Ia\u0219i \u0219i Suceava \u0219i cei ai proiectantului, \u00een vederea acceler\u0103rii procesului de finalizare a documenta\u0163iilor tehnico-economice pentru modernizarea drumului interjude\u0163ean Ia\u015fi-Suceava. Potrivit Biroului de pres\u0103 al CJ Ia\u0219i, proiectantul a prezentat stadiul elabor\u0103rii documenta\u0163iei \u015fi urm\u0103torii pa\u015fi care trebuie urma\u021bi p\u00e2n\u0103 la finalizarea proiectului. Conform contractului, acesta a transmis p\u00e2n\u0103 la data de 1 august studiile topografice \u015fi geotehnice, urm\u00e2nd ca p\u00e2n\u0103 la data de 16 august s\u0103 finalizeze expertizele tehnice pentru drum \u015fi poduri. Termenul de finalizare a documenta\u0163iei tehnico-economice este 17 septembrie 2016. Pre\u015fedintele Consiliului Jude\u0163ean (CJ) Ia\u015fi, Maricel Popa, a atras aten\u0163ia asupra importan\u0163ei respect\u0103rii termenelor asumate prin contract de proiectant \u015fi \u015fi-a manifestat \u00eentreaga disponibilitate de colaborare pentru a avea proiectul gata pentru a fi depus, p\u00e2n\u0103 \u00een luna noiembrie, a acestui an. \u201cEste foarte important ca proiectarea s\u0103 fie finalizat\u0103 la timp \u015fi s\u0103 \u0163in\u0103 cont de realit\u0103\u0163ile din teren, nu doar de m\u0103sur\u0103torile cadastrale\u201d a declarat Maricel Popa. Urm\u0103toarea \u00eentalnire a fost stabilit\u0103 pentru data de 18 august, tot la Ia\u015fi, c\u00e2nd se va discuta situa\u0163ia ob\u0163inerii avizelor necesare lucr\u0103rii. Totodat\u0103, Maricel Popa va lua leg\u0103tura cu primarii din comunele care nu au transmis p\u00e2n\u0103 acum proiectantului situa\u0163iilecu privire la lucr\u0103rile \u00eencepute sau avute \u00een vedere \u00een zona traversata de traseul drumului jude\u0163ean. \u201cVrem s\u0103 permanentiz\u0103m aceste \u00eent\u00e2lniri pentru c\u0103 este singura formul\u0103 \u00een care putem s\u0103 eficientiz\u0103m comunicarea \u00eentre cei trei parteneri: Consiliul Jude\u0163ean Ia\u015fi, Consiliul Jude\u0163ean Suceava \u015fi proiectant\u201d a declarat Maricel Popa, pre\u015fedintele Consiliului Jude\u0163ean Ia\u015fi. Proiectul ini\u0163iat de jude\u0163ele Ia\u015fi \u015fi Suceava pentru modernizarea cu fonduri europene a drum interjude\u0163ean Ia\u0219i \u2013 Suceava, pe o lungime de 172 de kilometri, a fost avizat de Consiliul de Dezvoltare Regional\u0103 Nord-Est \u015fi este cel mai mare proiect de acest gen, care urmeaz\u0103 s\u0103 fie implentat de cele dou\u0103 administra\u021bii locale. \u00a0Proiectul va fi finantat prin POR 2014-2020, axa 6 \u2013 infrastructur\u0103 \u015fi are o valoare total\u0103 de 79.8 milioane euro.<\/p>\n","protected":false},"excerpt":{"rendered":"<p>Pre\u015fedintele Consiliului Jude\u0163ean (CJ) Ia\u015fi, Maricel Popa, a participat luni, 8 august, la \u00eent\u00e2lnirea de&#8230; <a class=\"meta-more\" href=\"https:\/\/infois.ro\/?p=24707\">more <span class=\"meta-nav\">&raquo;<\/span><\/a><\/p>\n","protected":false},"author":2,"featured_media":24708,"comment_status":"open","ping_status":"closed","sticky":false,"template":"","format":"standard","meta":{"footnotes":""},"categories":[1,41],"tags":[74,3661,40,846,2353,8467],"aioseo_notices":[],"_links":{"self":[{"href":"https:\/\/infois.ro\/index.php?rest_route=\/wp\/v2\/posts\/24707"}],"collection":[{"href":"https:\/\/infois.ro\/index.php?rest_route=\/wp\/v2\/posts"}],"about":[{"href":"https:\/\/infois.ro\/index.php?rest_route=\/wp\/v2\/types\/post"}],"author":[{"embeddable":true,"href":"https:\/\/infois.ro\/index.php?rest_route=\/wp\/v2\/users\/2"}],"replies":[{"embeddable":true,"href":"https:\/\/infois.ro\/index.php?rest_route=%2Fwp%2Fv2%2Fcomments&post=24707"}],"version-history":[{"count":1,"href":"https:\/\/infois.ro\/index.php?rest_route=\/wp\/v2\/posts\/24707\/revisions"}],"predecessor-version":[{"id":24709,"href":"https:\/\/infois.ro\/index.php?rest_route=\/wp\/v2\/posts\/24707\/revisions\/24709"}],"wp:featuredmedia":[{"embeddable":true,"href":"https:\/\/infois.ro\/index.php?rest_route=\/wp\/v2\/media\/24708"}],"wp:attachment":[{"href":"https:\/\/infois.ro\/index.php?rest_route=%2Fwp%2Fv2%2Fmedia&parent=24707"}],"wp:term":[{"taxonomy":"category","embeddable":true,"href":"https:\/\/infois.ro\/index.php?rest_route=%2Fwp%2Fv2%2Fcategories&post=24707"},{"taxonomy":"post_tag","embeddable":true,"href":"https:\/\/infois.ro\/index.php?rest_route=%2Fwp%2Fv2%2Ftags&post=24707"}],"curies":[{"name":"wp","href":"https:\/\/api.w.org\/{rel}","templated":true}]}}