{"id":24725,"date":"2016-08-11T08:39:08","date_gmt":"2016-08-11T05:39:08","guid":{"rendered":"http:\/\/infois.ro\/?p=24725"},"modified":"2016-08-11T08:39:08","modified_gmt":"2016-08-11T05:39:08","slug":"noi-locuri-de-parcare-scoase-la-licitatie-de-primarie-8","status":"publish","type":"post","link":"https:\/\/infois.ro\/?p=24725","title":{"rendered":"Noi locuri de parcare, scoase la licita\u021bie de Prim\u0103rie"},"content":{"rendered":"<p style=\"text-align: justify;\"><a href=\"http:\/\/infois.ro\/wp-content\/uploads\/2014\/09\/parcare.jpg\"><img loading=\"lazy\" decoding=\"async\" class=\"alignleft  wp-image-13287\" src=\"http:\/\/infois.ro\/wp-content\/uploads\/2014\/09\/parcare.jpg\" alt=\"parcare\" width=\"344\" height=\"194\" srcset=\"https:\/\/infois.ro\/wp-content\/uploads\/2014\/09\/parcare.jpg 600w, https:\/\/infois.ro\/wp-content\/uploads\/2014\/09\/parcare-300x169.jpg 300w, https:\/\/infois.ro\/wp-content\/uploads\/2014\/09\/parcare-140x80.jpg 140w\" sizes=\"(max-width: 344px) 100vw, 344px\" \/><\/a><\/p>\n<p style=\"text-align: justify;\">Prim\u0103ria va organiza noi licita\u0163ii privind \u00eenchirierea de locuri de parcare \u00een cartiere. Urm\u0103toarea licita\u0163ie de acest gen va avea loc pe 17 august, \u00eencep\u00e2nd cu ora 14:00, \u015fi vizeaz\u0103 \u00eenchirierea a 2 locuri de parcare, cu nr. 8 \u015fi 9, situate \u00een parcarea din strada Gr\u0103dinari, nr. 11. Imobilele cu drept de participare la licita\u0163ie sunt A 8-12, B12 \u015fi B35. Data limit\u0103 de depunere a dosarelor este 16 august, ora 13:00. Pe 25 august, ora 14:00, va avea loc licita\u0163ia public\u0103 cu strigare pentru \u00eenchirierea unui loc de parcare, cu nr. 5, situat \u00een \u015foseaua P\u0103curari, nr. 35. Imobilele cu drept de participare la licita\u0163ie sunt blocurile 534 \u015fi 543A. Data limit\u0103 de depunere a dosarelor este 24 august, ora 13:00. \u00cen data de 1 septembrie, ora 14.00, Prim\u0103ria va organiza licita\u0163ia public\u0103 cu strigare pentru \u00eenchirierea a 7 locuri de parcare, cu nr. 1, 7, 9, 10, 11, 12 \u015fi 17, situate \u00een strada Prof. I. Simionescu, nr. 8. Imobilele cu drept de participare la licita\u0163ie sunt blocurile D1-D4, D12-D14 \u015fi J9. Data limita de depunere a dosarelor este 31 august, ora 13.00. \u201dToate licita\u0163iile de acest gen vor avea loc la sediul Direc\u0163iei de Administrare a Patrimoniului Public \u015fi Privat (DAPPP) din \u015foseaua Na\u0163ional\u0103, nr. 43, et. 6. Pre\u0163ul documenta\u0163iei este de 10 lei\/loc, iar taxa de participare 5 lei\/loc. Garan\u0163ia de participare este de 50 lei\/loc\u201d, precizeaz\u0103 reprezentan\u021bii Prim\u0103riei, \u00eentr-un comunicat de pres\u0103. Rela\u0163ii suplimentare privind procurarea documenta\u0163iei \u015fi condi\u0163iile de participare se pot ob\u0163ine de la DAPPP, \u015eoseaua Na\u0163ional\u0103, nr. 43, et. 4, cam. 15, telefon 0232\/264246 (interior 43). Program cu publicul: luni, miercuri \u015fi vineri: 9.00-13.00; marti \u015fi joi: 12.00-15.00.<\/p>\n","protected":false},"excerpt":{"rendered":"<p>Prim\u0103ria va organiza noi licita\u0163ii privind \u00eenchirierea de locuri de parcare \u00een cartiere. Urm\u0103toarea licita\u0163ie&#8230; <a class=\"meta-more\" href=\"https:\/\/infois.ro\/?p=24725\">more <span class=\"meta-nav\">&raquo;<\/span><\/a><\/p>\n","protected":false},"author":2,"featured_media":15995,"comment_status":"open","ping_status":"closed","sticky":false,"template":"","format":"standard","meta":{"footnotes":""},"categories":[1,41],"tags":[74,4634,40,846,1671,296],"aioseo_notices":[],"_links":{"self":[{"href":"https:\/\/infois.ro\/index.php?rest_route=\/wp\/v2\/posts\/24725"}],"collection":[{"href":"https:\/\/infois.ro\/index.php?rest_route=\/wp\/v2\/posts"}],"about":[{"href":"https:\/\/infois.ro\/index.php?rest_route=\/wp\/v2\/types\/post"}],"author":[{"embeddable":true,"href":"https:\/\/infois.ro\/index.php?rest_route=\/wp\/v2\/users\/2"}],"replies":[{"embeddable":true,"href":"https:\/\/infois.ro\/index.php?rest_route=%2Fwp%2Fv2%2Fcomments&post=24725"}],"version-history":[{"count":1,"href":"https:\/\/infois.ro\/index.php?rest_route=\/wp\/v2\/posts\/24725\/revisions"}],"predecessor-version":[{"id":24726,"href":"https:\/\/infois.ro\/index.php?rest_route=\/wp\/v2\/posts\/24725\/revisions\/24726"}],"wp:featuredmedia":[{"embeddable":true,"href":"https:\/\/infois.ro\/index.php?rest_route=\/wp\/v2\/media\/15995"}],"wp:attachment":[{"href":"https:\/\/infois.ro\/index.php?rest_route=%2Fwp%2Fv2%2Fmedia&parent=24725"}],"wp:term":[{"taxonomy":"category","embeddable":true,"href":"https:\/\/infois.ro\/index.php?rest_route=%2Fwp%2Fv2%2Fcategories&post=24725"},{"taxonomy":"post_tag","embeddable":true,"href":"https:\/\/infois.ro\/index.php?rest_route=%2Fwp%2Fv2%2Ftags&post=24725"}],"curies":[{"name":"wp","href":"https:\/\/api.w.org\/{rel}","templated":true}]}}