{"id":24793,"date":"2016-08-13T07:04:12","date_gmt":"2016-08-13T04:04:12","guid":{"rendered":"http:\/\/infois.ro\/?p=24793"},"modified":"2016-08-15T07:07:40","modified_gmt":"2016-08-15T04:07:40","slug":"palatul-braunstein-ar-putea-fi-consolidat-si-reabilitat-cu-fonduri-europene-nerambursabile","status":"publish","type":"post","link":"https:\/\/infois.ro\/?p=24793","title":{"rendered":"Palatul Braunstein ar putea fi consolidat \u0219i reabilitat cu fonduri europene nerambursabile"},"content":{"rendered":"<p style=\"text-align: justify;\"><a href=\"http:\/\/infois.ro\/wp-content\/uploads\/2016\/08\/palatul-braunstein.jpg\"><img loading=\"lazy\" decoding=\"async\" class=\"alignleft  wp-image-24794\" src=\"http:\/\/infois.ro\/wp-content\/uploads\/2016\/08\/palatul-braunstein.jpg\" alt=\"OLYMPUS DIGITAL CAMERA\" width=\"363\" height=\"212\" srcset=\"https:\/\/infois.ro\/wp-content\/uploads\/2016\/08\/palatul-braunstein.jpg 640w, https:\/\/infois.ro\/wp-content\/uploads\/2016\/08\/palatul-braunstein-300x175.jpg 300w, https:\/\/infois.ro\/wp-content\/uploads\/2016\/08\/palatul-braunstein-139x80.jpg 139w\" sizes=\"(max-width: 363px) 100vw, 363px\" \/><\/a><\/p>\n<p style=\"text-align: justify;\">Prim\u0103ria municipiului Ia\u0219i dore\u0219te s\u0103 reabiliteze \u0219i s\u0103 redea circuitului cultural \u0219i turistic dou\u0103 importante monumente istorice, este vorba despre Palatul Braunstein \u0219i, respectiv, M\u0103n\u0103stirea Frumoasa. \u00cen acest scop, pe ordinea de zi a \u0219edin\u021bei extraordinare din 18 august a Consiliului Local Municipal (CLM) vor fi supuse spre dezbatere \u0219i aprobare proiectele <em>\u201eConsolidare \u0219i refunc\u021bionalizare Palat Braunstein\u201d<\/em> \u0219i, respectiv, <em>\u201eReabilitarea \u0219i valorificarea poten\u021bialului turistic \u0219i cultural al Ansamblului M\u0103n\u0103stirii Frumoasa din Municipiul Ia\u0219i\u201d<\/em>. \u00cen cazul \u00een care cele dou\u0103 proiecte vor primi aprobarea consilierilor locali, ele vor fi \u00eenaintate pentru a fi finan\u021bate prin Axa prioritar\u0103 5 &#8211; \u00cembun\u0103t\u0103\u0163irea mediului urban \u015fi conservarea, protec\u0163ia \u015fi valorificarea durabil\u0103 a patrimoniului cultural, Prioritatea de investi\u021bie 5.1 &#8211; Conservarea, protejarea, promovarea \u015fi dezvoltarea patrimoniului natural \u015fi cultural din cadrul Programului Opera\u021bional Regional (POR) 2014 &#8211; 2020. Termenul limit\u0103 de participare la apelul de proiecte \u00een vederea ob\u021binerii finan\u021b\u0103ri pe acest apel este data de 25 august 2016. Potrivit proiectului \u00eentocmit de Prim\u0103rie, Palatul Braunstein va fi consolidat \u0219i transformat \u00eentr-un centru multifunc\u021bional care va include mediatec\u0103, spa\u021bii expozi\u021bionale, s\u0103li de conferin\u021b\u0103 \u0219i alte facilit\u0103\u021bi. Valoarea total\u0103 a proiectului este 21.853.397,00 lei (inclusiv TVA), din care valoarea eligibil\u0103 de 21.761.393,00 lei (inclusiv TVA). Potrivit proiectului tehnic, av\u00e2nd \u00een vedere importanta cl\u0103dirii \u0219i \u00eencadrarea acesteia \u00een lista monumentelor istorice, interven\u0163iile structurale propuse se vor realiza doar la interior. Accesul \u00een zona mediatecii se va realiza prin porticul existent, printr-un spa\u021biu ce va g\u0103zdui expozi\u021bii temporare \u0219i un punct de informare pentru mediatec\u0103. \u00a0Accesul dinspre bulevardul \u0218tefan cel Mare se va realiza de la cota terenului amenajat, pentru a permite accesul persoanelor cu dizablit\u0103\u021bi la liftul panoramic ce va fi pozi\u021bionat \u00een golul de vang al sc\u0103rii existente. Aceast\u0103 scar\u0103 permite accesul la toate nivelurile cl\u0103dirii. Cea de-a treia intrare \u00een imobil va permite accesul dinspre strada Cuza Vod\u0103 \u0219i va pune \u00een valoare accesul propus \u00een proiectul din 1913. De aici se va putea accede \u00een galeria de art\u0103 dotat\u0103 cu spa\u021bii anexe (depozitare \u0219i grup sanitar), \u00een zona de lectur\u0103 de pres\u0103 interna\u021bional\u0103 (deservit\u0103 \u0219i aceasta de grupuri sanitare \u0219i depozitare) \u0219i la casa sc\u0103rii remodelat\u0103 ce face leg\u0103tura cu nivelurile superioare ale mediatecii, dar \u0219i cu auditoriumul de la nivelul mansardei. \u00a0Galeria de art\u0103 va comunica cu punctul de informare printr-un perete amovibil din t\u00e2mpl\u0103rie din lemn stratificat cu geam tip vitraliu, cu sprosuri metalice ce va da posibilitatea dubl\u0103rii capacit\u0103\u021bii galeriei pentru g\u0103zduirea unor evenimente speciale. Solu\u021bia adoptat\u0103 pune accentul pe interac\u021binea dintre spa\u021biul interior \u0219i strad\u0103, astfel toate func\u021biunile din parter vor comunica cu exteriorul prin vitrine cu u\u0219i pliabile ce vor putea fi deschise pentru a atrage publicul. Aceea\u0219i solu\u021bie va fi adoptat\u0103 \u0219i pentru curtea interioar\u0103, ce va comunica cu spa\u021biul de lectur\u0103 pres\u0103 strain\u0103. La nivelul subsolului accesul publicului va fi asigurat prin intermediul casei de scar\u0103 ce face leg\u0103tura cu bulevardul \u0218tefan cel Mare. Publicului \u00eei va fi destinat spa\u021biul expozi\u021bional ce va prezenta istoria \u00een imagini a str\u0103zii Cuza Vod\u0103 \u0219i a comunit\u0103\u021bii evreie\u0219ti de-a lungul timpului \u00een Ia\u0219i. Spa\u021biul va fi deservit de zonele anexe (garderob\u0103, grupuri sanitare). \u00a0Cea de-a doua scar\u0103 a imobilului va permite accesul personalului din curtea interioar\u0103 \u00een zon\u0103 spa\u021biilor tehnice, clar delimitate (tablou general, central\u0103 de semnalizare incendiu, modul termic, rezerva PSI cu camera pompelor), dar va permite \u0219i evacuarea de urgen\u021b\u0103 a publicului. \u00a0Etajul 1 \u0219i etajul 2 vor g\u0103zdui func\u021biunea principal\u0103, cea de mediatec\u0103. Casa de scar\u0103 va debu\u0219a \u00eentr-n hol de nivel care va permite organizarea de expozi\u021bii temporare. \u00cen rela\u021bie direct\u0103 cu aceast\u0103 zon\u0103 va fi amenajat\u0103 garderoba \u0219i un punct de informare de nivel, \u00eentr-o atmosfer\u0103 contemporan\u0103, mobilierul fiind realizat din corian bicolor termoformat, transparent \/ opac, pentru a fi \u00een concordan\u021b\u0103 cu func\u021biunea media. S\u0103lile destinate mediatecii vor beneficia de o amenajare versatil\u0103, permi\u021b\u00e2nd at\u00e2t vizion\u0103ri de grup, c\u00e2t \u0219i studiu individual. Aici se vor putea studia documente puse la dispozi\u021bie de arhivele Televiziunii Rom\u00e2ne \u2013 Studioul Teritorial Ia\u0219i, de colec\u021bionari, precum \u0219i provenite prin schimburi interna\u021bionale de format media. Vor fi organizate \u0219i spa\u021bii media pentru copii, precum \u0219i pentru persoanele cu dizabilit\u0103\u021bi (de vedere, dar \u0219i de auz \u0219i vorbit. \u00cen concordan\u021b\u0103 cu via\u021ba cultural\u0103 \u0219i artistic\u0103 a ora\u0219ului, \u00een s\u0103lile etajului 3 se propune a se organiza expozi\u021bii temporare tematice, ce vor pune \u00een valoare diferite ramuri artistice: pictur\u0103, sculptur\u0103, grafic\u0103. Ultimul nivel, cel al mansardei, va deveni spa\u021biu util. Dup\u0103 \u00eenlocuirea \u0219arpantei din lemn deteriorate cu o structur\u0103 metalic\u0103, mansarda va permite organizarea a dou\u0103 func\u021biuni principale: auditorium \u0219i galerie de art\u0103 \u00een care vor putea expune tinerii arti\u0219ti. De asemenea, vor putea fi prezentate publicului lucr\u0103ri de licen\u021b\u0103 \/ diserta\u021bie ale studen\u021bilor de la Universitatea de Arte. \u00a0Spre strada Cuza Vod\u0103 \u0219i spre bulevardul \u0218tefan cel Mare se propun \u00eenchideri vitrate curbate pe o direc\u021bie, care deschid perspective spre cele dou\u0103 str\u0103zi. \u00cen aceea\u0219i manier\u0103 va fi tratat\u0103 \u0219i cupola ce va oferi priveli\u0219ti deosebite spre Pia\u021ba Unirii, strada L\u0103pu\u0219neanu \u0219i Copou. \u00a0Peretele ce delimiteaz\u0103 zona destinat\u0103 publicului de cea a spa\u021biilor auxiliare (garderob\u0103, grupuri sanitare) va deveni o gradin\u0103 vertical\u0103, ce va oferi o oaz\u0103 de naturale\u021be \u0219i prospe\u021bime, imagina\u021bie \u0219i culoare. Aceea\u0219i solu\u021bie va fi folosit\u0103 \u0219i pentru peretele ce delimiteaz\u0103 foyerul de auditorium. Accesul \u00een zona auditoriumului se va face prin intermediul sc\u0103rii dintre axele 4-5 \u0219i a liftului al\u0103turat. Acestea se afl\u0103 \u00een rela\u021bie direct\u0103 cu accesul din strada Cuza Vod\u0103, fapt ce permite desf\u0103\u0219urarea unor activit\u0103\u021bi nocturne, independente de programul mediatecii. Din foayer se va accede spre garderob\u0103 \u0219i grupurile sanitare. La nivelul mansardei, sub cupol\u0103, va fi un amenajat un punct de belvedere, unde poate fi instalat un telescop. Cl\u0103direa va beneficia de toate dot\u0103rile specifice: sisteme audio-video, ecrane pentru proiec\u021bii, smart TV-uri, c\u0103\u0219ti audio, echipamente de redare pentru fiecare tip de media (pick-up, magnetofon, proiector 8 mm etc.).<\/p>\n","protected":false},"excerpt":{"rendered":"<p>Prim\u0103ria municipiului Ia\u0219i dore\u0219te s\u0103 reabiliteze \u0219i s\u0103 redea circuitului cultural \u0219i turistic dou\u0103 importante&#8230; <a class=\"meta-more\" href=\"https:\/\/infois.ro\/?p=24793\">more <span class=\"meta-nav\">&raquo;<\/span><\/a><\/p>\n","protected":false},"author":2,"featured_media":24794,"comment_status":"open","ping_status":"closed","sticky":false,"template":"","format":"standard","meta":{"footnotes":""},"categories":[1,41],"tags":[74,395,40,2697,3112,2700],"aioseo_notices":[],"_links":{"self":[{"href":"https:\/\/infois.ro\/index.php?rest_route=\/wp\/v2\/posts\/24793"}],"collection":[{"href":"https:\/\/infois.ro\/index.php?rest_route=\/wp\/v2\/posts"}],"about":[{"href":"https:\/\/infois.ro\/index.php?rest_route=\/wp\/v2\/types\/post"}],"author":[{"embeddable":true,"href":"https:\/\/infois.ro\/index.php?rest_route=\/wp\/v2\/users\/2"}],"replies":[{"embeddable":true,"href":"https:\/\/infois.ro\/index.php?rest_route=%2Fwp%2Fv2%2Fcomments&post=24793"}],"version-history":[{"count":1,"href":"https:\/\/infois.ro\/index.php?rest_route=\/wp\/v2\/posts\/24793\/revisions"}],"predecessor-version":[{"id":24795,"href":"https:\/\/infois.ro\/index.php?rest_route=\/wp\/v2\/posts\/24793\/revisions\/24795"}],"wp:featuredmedia":[{"embeddable":true,"href":"https:\/\/infois.ro\/index.php?rest_route=\/wp\/v2\/media\/24794"}],"wp:attachment":[{"href":"https:\/\/infois.ro\/index.php?rest_route=%2Fwp%2Fv2%2Fmedia&parent=24793"}],"wp:term":[{"taxonomy":"category","embeddable":true,"href":"https:\/\/infois.ro\/index.php?rest_route=%2Fwp%2Fv2%2Fcategories&post=24793"},{"taxonomy":"post_tag","embeddable":true,"href":"https:\/\/infois.ro\/index.php?rest_route=%2Fwp%2Fv2%2Ftags&post=24793"}],"curies":[{"name":"wp","href":"https:\/\/api.w.org\/{rel}","templated":true}]}}