{"id":2481,"date":"2012-10-25T12:54:13","date_gmt":"2012-10-25T09:54:13","guid":{"rendered":"http:\/\/infois.ro\/?p=2481"},"modified":"2012-10-25T12:54:13","modified_gmt":"2012-10-25T09:54:13","slug":"oamenii-de-afaceri-francezi-invitati-sa-investeasca-la-iasi","status":"publish","type":"post","link":"https:\/\/infois.ro\/?p=2481","title":{"rendered":"Oamenii de afaceri francezi, invita\u021bi s\u0103 investeasc\u0103 la Ia\u0219i"},"content":{"rendered":"<p style=\"text-align: justify;\"><a class=\"highslide\" onclick=\"return vz.expand(this)\" href=\"http:\/\/infois.ro\/wp-content\/uploads\/2012\/10\/Adomnitei.jpg\"><img loading=\"lazy\" decoding=\"async\" class=\"alignleft size-large wp-image-2482\" title=\"Adomnitei\" src=\"http:\/\/infois.ro\/wp-content\/uploads\/cache\/2012\/10\/Adomnitei\/109235034.jpg\" alt=\"\" width=\"505\" height=\"398\" \/><\/a>Autorit\u0103\u021bile ie\u0219ene \u00ee\u0219i doresc o prezen\u021b\u0103 mai mare a investitorilor francezi \u00een jude\u021b, al\u0103turi de continuarea \u0219i diversificarea schimburilor culturale dintre cele dou\u0103 p\u0103r\u021bi. \u00cen cadrul \u00eentrevederii pe care a avut-o miercuri, 24 octombrie, cu ambasadorul Republicii Franceze \u00een Rom\u00e2nia, Excelen\u021ba Sa Philippe Gustin, pre\u0219edintele Consiliului Jude\u021bean (CJ) Ia\u0219i, Cristian Adomni\u021bei, a subliniat c\u0103 una dintre priorit\u0103\u021bile mandatului s\u0103u o reprezint\u0103 \u00eent\u0103rirea prezen\u021bei franceze \u00een regiunea Moldovei.\u00a0 \u201e\u00cempreun\u0103 cu Excelen\u0163a Sa am discutat mai multe subiecte, dar dou\u0103 au avut o dimensiune mai mare. Primul este cel legat de cooperarea economic\u0103, de nivelul \u00eenc\u0103 redus al investi\u0163iilor franceze \u00een Ia\u015fi \u015fi despre cum putem s\u0103 dezvolt\u0103m acest lucru. Al doilea a privit situa\u0163ia Centrului Cultural Francez. Privesc prezen\u0163a acestuia, dar \u015fi a celorlalte Centre Culturale de la Ia\u015fi, ca fiind foarte important\u0103 pentru deschiderea pe care o are Ia\u015ful. Totodat\u0103, m\u0103 \u00eenscriu \u00een eforturile de a g\u0103si o solu\u0163ie pentru a determina pe termen lung prezen\u0163a \u015fi activitatea Centrului Cultural Francez\u201d, a declarat Cristian Adomni\u021bei. La r\u00e2ndul s\u0103u, ambasadorul Fran\u021bei \u00een Rom\u00e2nia, Excelen\u021ba Sa Philippe Gustin, a afirmat c\u0103, \u00een ceea ce prive\u0219te Centrul Cultural Francez de la Ia\u0219i, \u021bara sa dore\u0219te s\u0103 men\u021bin\u0103 aceast\u0103 institu\u021bie.\u00a0 \u00a0\u201d\u00cen ceea ce prive\u015fte prezen\u0163a Centrului Cultural Francez la Ia\u015fi, l-am asigurat pe domnul pre\u015fedinte de dorin\u0163a noastr\u0103 de a men\u0163ine aceast\u0103 institu\u0163ie. \u0162in s\u0103 \u00eei mul\u0163umesc domnului Adomni\u021bei pentru ajutorul pe care ar putea s\u0103 ni-l ofere \u00een continuare\u201d, a declarat Philippe Gustin. \u00cen cadrul \u00eent\u00e2lnirii care a avut loc la sediul CJ Ia\u0219i au fost prezen\u021bi, de asemenea, col. Frederic Bayard, ata\u015fat pe linie de securitate intern\u0103, consilierul Xavier Marette, \u015fi Dan Daia, reprezentantul Centrului Cultural Francez (CCF) din Ia\u015fi.<\/p>\n","protected":false},"excerpt":{"rendered":"<p>Autorit\u0103\u021bile ie\u0219ene \u00ee\u0219i doresc o prezen\u021b\u0103 mai mare a investitorilor francezi \u00een jude\u021b, al\u0103turi de&#8230; <a class=\"meta-more\" href=\"https:\/\/infois.ro\/?p=2481\">more <span class=\"meta-nav\">&raquo;<\/span><\/a><\/p>\n","protected":false},"author":2,"featured_media":2482,"comment_status":"open","ping_status":"open","sticky":false,"template":"","format":"standard","meta":{"footnotes":""},"categories":[1,41],"tags":[74,1062,374,1063],"aioseo_notices":[],"_links":{"self":[{"href":"https:\/\/infois.ro\/index.php?rest_route=\/wp\/v2\/posts\/2481"}],"collection":[{"href":"https:\/\/infois.ro\/index.php?rest_route=\/wp\/v2\/posts"}],"about":[{"href":"https:\/\/infois.ro\/index.php?rest_route=\/wp\/v2\/types\/post"}],"author":[{"embeddable":true,"href":"https:\/\/infois.ro\/index.php?rest_route=\/wp\/v2\/users\/2"}],"replies":[{"embeddable":true,"href":"https:\/\/infois.ro\/index.php?rest_route=%2Fwp%2Fv2%2Fcomments&post=2481"}],"version-history":[{"count":1,"href":"https:\/\/infois.ro\/index.php?rest_route=\/wp\/v2\/posts\/2481\/revisions"}],"predecessor-version":[{"id":2483,"href":"https:\/\/infois.ro\/index.php?rest_route=\/wp\/v2\/posts\/2481\/revisions\/2483"}],"wp:featuredmedia":[{"embeddable":true,"href":"https:\/\/infois.ro\/index.php?rest_route=\/wp\/v2\/media\/2482"}],"wp:attachment":[{"href":"https:\/\/infois.ro\/index.php?rest_route=%2Fwp%2Fv2%2Fmedia&parent=2481"}],"wp:term":[{"taxonomy":"category","embeddable":true,"href":"https:\/\/infois.ro\/index.php?rest_route=%2Fwp%2Fv2%2Fcategories&post=2481"},{"taxonomy":"post_tag","embeddable":true,"href":"https:\/\/infois.ro\/index.php?rest_route=%2Fwp%2Fv2%2Ftags&post=2481"}],"curies":[{"name":"wp","href":"https:\/\/api.w.org\/{rel}","templated":true}]}}