{"id":24828,"date":"2016-08-17T14:01:31","date_gmt":"2016-08-17T11:01:31","guid":{"rendered":"http:\/\/infois.ro\/?p=24828"},"modified":"2016-08-17T14:01:31","modified_gmt":"2016-08-17T11:01:31","slug":"sesiune-de-instruire-privind-accesarea-fondurilor-europene-organizata-de-cj-iasi","status":"publish","type":"post","link":"https:\/\/infois.ro\/?p=24828","title":{"rendered":"Sesiune de instruire privind accesarea fondurilor europene, organizat\u0103 de CJ Ia\u0219i"},"content":{"rendered":"<p style=\"text-align: justify;\"><a href=\"http:\/\/infois.ro\/wp-content\/uploads\/2016\/07\/maricel-popa2.jpg\"><img loading=\"lazy\" decoding=\"async\" class=\"alignleft  wp-image-24564\" src=\"http:\/\/infois.ro\/wp-content\/uploads\/2016\/07\/maricel-popa2.jpg\" alt=\"maricel popa\" width=\"315\" height=\"210\" \/><\/a><\/p>\n<p style=\"text-align: justify;\">Consiliul Jude\u0163ean (CJ) Ia\u015fi organizeaz\u0103 vineri, 19 august, \u00eencep\u00e2nd cu ora 10.00, \u00een sala \u201dAlexandru Ioan Cuza\u201d a Hotelului Unirea, o sesiune de instruire cu titlul &#8220;Accesarea de fonduri europene pentru autorit\u0103\u0163ile publice locale&#8221;. \u00cent\u00e2lnirea are ca scop preg\u0103tirea \u015fi demararea proiectelor \u00een vederea acces\u0103rii de fonduri europene nerambursabile. \u201dExerci\u0163iul financiar 2014-2020 a \u00eenceput \u015fi este o \u015fans\u0103 extraordinar\u0103 de a aduce fonduri nerambursabile \u00een jude\u0163ul Ia\u015fi. Programul Opera\u0163ional Regional (POR) include de dou\u0103 ori mai multe axe \u015fi o alocare financiar\u0103 cu 70% mai mare fa\u0163\u0103 de perioada anterioar\u0103 de programare bugetar\u0103. Aceast\u0103 sesiune de instruire este foarte important\u0103 pentru c\u0103 nu vreau s\u0103 vin\u0103 nimeni la mine peste dou\u0103, trei luni \u015fi s\u0103 spun\u0103 c\u0103 \u201deu nu am \u015ftiut\u201d sau \u201deu nu am fost informat\u201d. Fiecare comunitate din jude\u0163 are nevoie de investi\u0163ii \u015fi trebuie s\u0103 profit\u0103m de aceast\u0103 oportunitate\u201d, a declarat pre\u0219edintele CJ Ia\u0219i, Maricel Popa, care a subliniat c\u0103 accesarea fondurilor europene reprezint\u0103 una dintre priorit\u0103\u0163ile sale \u00een actualul mandat. La sesiunea de instruire de la Hotelul Unirea vor participa primari ai ora\u015felor \u015fi comunelor din jude\u0163ul Ia\u015fi, precum \u015fi reprezentan\u0163i ai Agen\u0163iei de Dezvoltare Regional\u0103 Nord-Est (A.D.R.N.E.), Agen\u0163iei pentru Finan\u0163area Investi\u0163iilor Rurale (A.F.I.R.), Agen\u0163iei de Pl\u0103\u0163i \u015fi Interven\u0163ie pentru Agricultur\u0103 (A.P.I.A.), precum \u0219i ai Romsilva.<\/p>\n","protected":false},"excerpt":{"rendered":"<p>Consiliul Jude\u0163ean (CJ) Ia\u015fi organizeaz\u0103 vineri, 19 august, \u00eencep\u00e2nd cu ora 10.00, \u00een sala \u201dAlexandru&#8230; <a class=\"meta-more\" href=\"https:\/\/infois.ro\/?p=24828\">more <span class=\"meta-nav\">&raquo;<\/span><\/a><\/p>\n","protected":false},"author":2,"featured_media":0,"comment_status":"open","ping_status":"closed","sticky":false,"template":"","format":"standard","meta":{"footnotes":""},"categories":[1],"tags":[374,395,40,1583,8494],"aioseo_notices":[],"_links":{"self":[{"href":"https:\/\/infois.ro\/index.php?rest_route=\/wp\/v2\/posts\/24828"}],"collection":[{"href":"https:\/\/infois.ro\/index.php?rest_route=\/wp\/v2\/posts"}],"about":[{"href":"https:\/\/infois.ro\/index.php?rest_route=\/wp\/v2\/types\/post"}],"author":[{"embeddable":true,"href":"https:\/\/infois.ro\/index.php?rest_route=\/wp\/v2\/users\/2"}],"replies":[{"embeddable":true,"href":"https:\/\/infois.ro\/index.php?rest_route=%2Fwp%2Fv2%2Fcomments&post=24828"}],"version-history":[{"count":1,"href":"https:\/\/infois.ro\/index.php?rest_route=\/wp\/v2\/posts\/24828\/revisions"}],"predecessor-version":[{"id":24830,"href":"https:\/\/infois.ro\/index.php?rest_route=\/wp\/v2\/posts\/24828\/revisions\/24830"}],"wp:attachment":[{"href":"https:\/\/infois.ro\/index.php?rest_route=%2Fwp%2Fv2%2Fmedia&parent=24828"}],"wp:term":[{"taxonomy":"category","embeddable":true,"href":"https:\/\/infois.ro\/index.php?rest_route=%2Fwp%2Fv2%2Fcategories&post=24828"},{"taxonomy":"post_tag","embeddable":true,"href":"https:\/\/infois.ro\/index.php?rest_route=%2Fwp%2Fv2%2Ftags&post=24828"}],"curies":[{"name":"wp","href":"https:\/\/api.w.org\/{rel}","templated":true}]}}