{"id":24855,"date":"2016-08-19T08:30:14","date_gmt":"2016-08-19T05:30:14","guid":{"rendered":"http:\/\/infois.ro\/?p=24855"},"modified":"2016-08-19T08:30:14","modified_gmt":"2016-08-19T05:30:14","slug":"pregatiri-pentru-finalizarea-documentatiei-tehnice-privind-modernizarea-drumului-judetean-iasi-suceava","status":"publish","type":"post","link":"https:\/\/infois.ro\/?p=24855","title":{"rendered":"Preg\u0103tiri pentru finalizarea documenta\u021biei tehnice privind modernizarea drumului jude\u021bean Ia\u0219i \u2013 Suceava"},"content":{"rendered":"<p style=\"text-align: justify;\"><a href=\"http:\/\/infois.ro\/wp-content\/uploads\/2016\/08\/drum.jpg\"><img loading=\"lazy\" decoding=\"async\" class=\"alignleft  wp-image-24656\" src=\"http:\/\/infois.ro\/wp-content\/uploads\/2016\/08\/drum.jpg\" alt=\"drum\" width=\"301\" height=\"201\" srcset=\"https:\/\/infois.ro\/wp-content\/uploads\/2016\/08\/drum.jpg 640w, https:\/\/infois.ro\/wp-content\/uploads\/2016\/08\/drum-300x200.jpg 300w\" sizes=\"(max-width: 301px) 100vw, 301px\" \/><\/a><\/p>\n<p style=\"text-align: justify;\">La sediul Consiliului Jude\u021bean (CJ) Ia\u0219i a avut loc joi, 18 august, o \u00eent\u00e2lnire de lucru \u00eentre reprezentan\u021bii autorit\u0103\u021bilor locale din Ia\u0219i \u0219i Suceava, precum \u0219i ai proiectantului, \u00een vederea finaliz\u0103rii la timp a documenta\u0163iilor tehnico-economice privind modernizarea drumului interjude\u0163ean Ia\u015fi-Suceava. Potrivit Biroului de pres\u0103 al CJ Ia\u0219i, proiectantul a prezentat stadiul elabor\u0103rii documenta\u0163iei \u015fi urm\u0103torii pa\u015fi necesari pentru finalizarea proiectului. Astfel, p\u00e2n\u0103 acum au fost finalizate studiile topografice, urm\u00e2nd ca \u00een perioada urm\u0103toare s\u0103 fie depus\u0103 documenta\u0163ia pentru emiterea avizului de la OCPI. Expertiza tehnic\u0103 la poduri a fost finalizat\u0103 \u00een propor\u0163ie de 75% , s-a primit studiul hidrologic \u015fi au fost efectuate calculele hidraulice. Totodat\u0103, s-au primit documentele solicitate de proiectant de la toate prim\u0103riile localit\u0103\u0163ilor care se afl\u0103 pe traseul dumului interjude\u0163ean. \u201dS\u0103pt\u0103m\u00e2na viitoare este programat\u0103 o vizit\u0103 pe teren, la care vor participa reprezentan\u0163i ai Consiliului Judetean Ia\u015fi \u015fi ai proiectantului pentru a face ultimele evalu\u0103ri \u00een punctele cheie unde trebuiesc g\u0103site solu\u0163ii pentru desf\u0103\u015furarea \u00een condi\u0163ii normale a lucr\u0103rii\u201d, se precizeaz\u0103 \u00een comunicatul CJ Ia\u0219i. Pre\u015fedintele Consiliului Jude\u0163ean (CJ) Ia\u015fi, Maricel Popa, a atras aten\u0163ia asupra faptului c\u0103 studiul de trafic trebuie s\u0103 fie realizat \u00een mod unitar pe \u00eentreg segmentul de drum dintre Ia\u015fi \u015fi Suceava. \u201dChiar dac\u0103 vom pune la dispozi\u0163ia proiectantului date \u015fi m\u0103sur\u0103tori, \u015fi noi \u015fi jude\u0163ul Suceava, avem nevoie de un studiu de trafic complet \u015fi unitar care s\u0103 cuprind\u0103 tot tronsonul de drum dintre Ia\u015fi \u015fi Suceava\u201d, a declarat Maricel Popa. Urm\u0103toarea \u00eentalnire a fost stabilit\u0103 pentru data de 1 septembrie, la Suceava.Termenul de finalizare a documentatiilor tehnico-economice este 15 octombrie 2016. Proiectul ini\u0163iat de jude\u0163ele Ia\u015fi \u015fi Suceava pentru modernizarea cu fonduri europene a unui drum interjude\u0163ean pe o lungime de 167.4 kilometri a fost avizat de Consiliul de Dezvoltare Regional\u0103 Nord-Est \u015fi este cel mai mare proiect de acest gen. Proiectul va fi finantat prin POR 2014-2020, axa 6 \u2013 infrastructur\u0103 \u015fi are o valoare total\u0103 de aproximativ 70 milioane de euro.<\/p>\n","protected":false},"excerpt":{"rendered":"<p>La sediul Consiliului Jude\u021bean (CJ) Ia\u0219i a avut loc joi, 18 august, o \u00eent\u00e2lnire de&#8230; <a class=\"meta-more\" href=\"https:\/\/infois.ro\/?p=24855\">more <span class=\"meta-nav\">&raquo;<\/span><\/a><\/p>\n","protected":false},"author":2,"featured_media":24656,"comment_status":"open","ping_status":"closed","sticky":false,"template":"","format":"standard","meta":{"footnotes":""},"categories":[1,41],"tags":[74,3661,395,40,846,2353,8503],"aioseo_notices":[],"_links":{"self":[{"href":"https:\/\/infois.ro\/index.php?rest_route=\/wp\/v2\/posts\/24855"}],"collection":[{"href":"https:\/\/infois.ro\/index.php?rest_route=\/wp\/v2\/posts"}],"about":[{"href":"https:\/\/infois.ro\/index.php?rest_route=\/wp\/v2\/types\/post"}],"author":[{"embeddable":true,"href":"https:\/\/infois.ro\/index.php?rest_route=\/wp\/v2\/users\/2"}],"replies":[{"embeddable":true,"href":"https:\/\/infois.ro\/index.php?rest_route=%2Fwp%2Fv2%2Fcomments&post=24855"}],"version-history":[{"count":1,"href":"https:\/\/infois.ro\/index.php?rest_route=\/wp\/v2\/posts\/24855\/revisions"}],"predecessor-version":[{"id":24856,"href":"https:\/\/infois.ro\/index.php?rest_route=\/wp\/v2\/posts\/24855\/revisions\/24856"}],"wp:featuredmedia":[{"embeddable":true,"href":"https:\/\/infois.ro\/index.php?rest_route=\/wp\/v2\/media\/24656"}],"wp:attachment":[{"href":"https:\/\/infois.ro\/index.php?rest_route=%2Fwp%2Fv2%2Fmedia&parent=24855"}],"wp:term":[{"taxonomy":"category","embeddable":true,"href":"https:\/\/infois.ro\/index.php?rest_route=%2Fwp%2Fv2%2Fcategories&post=24855"},{"taxonomy":"post_tag","embeddable":true,"href":"https:\/\/infois.ro\/index.php?rest_route=%2Fwp%2Fv2%2Ftags&post=24855"}],"curies":[{"name":"wp","href":"https:\/\/api.w.org\/{rel}","templated":true}]}}